[{"@context":"https:\/\/schema.org\/","@type":"Article","@id":"https:\/\/www.aktimo.cz\/co-se-o-sedacich-vacich-nemusite-docist\/#Article","mainEntityOfPage":"https:\/\/www.aktimo.cz\/co-se-o-sedacich-vacich-nemusite-docist\/","headline":"Co se o sedac\u00edch vac\u00edch nemus\u00edte do\u010d\u00edst","name":"Co se o sedac\u00edch vac\u00edch nemus\u00edte do\u010d\u00edst","description":"Jsou h\u0159ejiv\u00e9 \u017de by se uvnit\u0159 sedac\u00edch vak\u016f nach\u00e1zela n\u011bjak\u00e1 topn\u00e1 spir\u00e1la nebo podobn\u00e1 technick\u00e1 vymo\u017eenost? Samoz\u0159ejm\u011b, \u017ee tak tomu nen\u00ed, ale jestli\u017ee je v\u00fdpl\u0148 tvo\u0159ena polystyrenov\u00fdmi kuli\u010dkami EPS, polystyren m\u00e1 perfektn\u00ed izola\u010dn\u00ed schopnosti. S\u00e1m o sob\u011b pochopiteln\u011b neh\u0159eje, ale udr\u017e\u00ed va\u0161e t\u011blesn\u00e9 teplo, aby se p\u0159\u00edli\u0161 rychle nerozptylovalo do okoln\u00edho prost\u0159ed\u00ed, tedy p\u016fsob\u00ed podobn\u011b, jako vrstva oble\u010den\u00ed. Kdy\u017e se &hellip; ","datePublished":"2022-09-10","dateModified":"2023-05-03","author":{"@type":"Person","@id":"https:\/\/www.aktimo.cz\/author\/#Person","name":"","url":"https:\/\/www.aktimo.cz\/author\/","identifier":1,"image":{"@type":"ImageObject","@id":"https:\/\/secure.gravatar.com\/avatar\/b682f75cb96d085fca5fbc8ca3f08e323444e236f6e6028585b73de81c46f711?s=96&d=mm&r=g","url":"https:\/\/secure.gravatar.com\/avatar\/b682f75cb96d085fca5fbc8ca3f08e323444e236f6e6028585b73de81c46f711?s=96&d=mm&r=g","height":96,"width":96}},"publisher":{"@type":"Organization","name":"aktimo.cz","logo":{"@type":"ImageObject","@id":"\/logo.png","url":"\/logo.png","width":600,"height":60}},"image":{"@type":"ImageObject","@id":"https:\/\/www.aktimo.cz\/wp-content\/uploads\/bag-g99c6d95c5_640.jpg","url":"https:\/\/www.aktimo.cz\/wp-content\/uploads\/bag-g99c6d95c5_640.jpg","height":0,"width":0},"url":"https:\/\/www.aktimo.cz\/co-se-o-sedacich-vacich-nemusite-docist\/","about":["Zbo\u017e\u00ed"],"wordCount":419,"articleBody":"Jsou h\u0159ejiv\u00e9\u017de by se uvnit\u0159 sedac\u00edch vak\u016f nach\u00e1zela n\u011bjak\u00e1 topn\u00e1 spir\u00e1la nebo podobn\u00e1 technick\u00e1 vymo\u017eenost? Samoz\u0159ejm\u011b, \u017ee tak tomu nen\u00ed, ale jestli\u017ee je v\u00fdpl\u0148 tvo\u0159ena polystyrenov\u00fdmi kuli\u010dkami EPS, polystyren m\u00e1 perfektn\u00ed izola\u010dn\u00ed schopnosti. S\u00e1m o sob\u011b pochopiteln\u011b neh\u0159eje, ale udr\u017e\u00ed va\u0161e t\u011blesn\u00e9 teplo, aby se p\u0159\u00edli\u0161 rychle nerozptylovalo do okoln\u00edho prost\u0159ed\u00ed, tedy p\u016fsob\u00ed podobn\u011b, jako vrstva oble\u010den\u00ed. Kdy\u017e se na sedac\u00ed vak posad\u00edte, bude v\u00e1m po chv\u00edli teplo na v\u0161echny \u010d\u00e1sti t\u011bla, kter\u00e9 budou do vaku zabo\u0159en\u00e9. A u velk\u00fdch vak\u016f se na n\u011b m\u016f\u017eete polo\u017eit i tak, \u017ee v\u00e1s budou h\u0159\u00e1t na z\u00e1da, na boku, na stehnech, l\u00fdtk\u00e1ch nebo chodidlech.D\u00e1 se na nich i sp\u00e1tVelk\u00e9 sedac\u00ed vaky Duo m\u016f\u017eete rozlo\u017eit na plocho na podlahu a poslou\u017e\u00ed i jako plocha pro ob\u010dasn\u00e9 p\u0159esp\u00e1v\u00e1n\u00ed. Plocha se m\u016f\u017ee hodit i pro hran\u00ed, nap\u0159. pokud s d\u011btmi chcete hr\u00e1t karty, sednete si do tureck\u00e9ho sedu proti sob\u011b a takto se tu m\u016f\u017eete b\u00e1je\u010dn\u011b bavit. M\u011bkk\u00fd povrch vak\u016f se v\u00e1m m\u016f\u017ee hodit i pro span\u00ed pod stanem na zahrad\u011b, anebo p\u0159i posezen\u00ed, nebo sp\u00ed\u0161 pole\u017een\u00ed na zahradn\u00ed terase, u baz\u00e9nu, v alt\u00e1nu a na zahradn\u00edm tr\u00e1vn\u00edku, pokud se tu chcete opalovat.Jsou barevn\u00e9\u017de se sedac\u00ed pytle a vaky vyr\u00e1b\u00ed v mnoha pastelov\u00fdch barv\u00e1ch, je celkem zn\u00e1mo, ale barv\u00e1m se nev\u011bnuje tolik pozornosti, kolik by si zaslou\u017eily. N\u011bkdy se barvy vyzdvihuj\u00ed pouze z m\u00f3dn\u00edch d\u016fvod\u016f, ale m\u011bli bychom si uv\u011bdomit, \u017ee ka\u017ed\u00fd barevn\u00fd odst\u00edn m\u00e1 p\u0159\u00edzniv\u00fd vliv na na\u0161e t\u011blo i du\u0161i. Kup\u0159\u00edkladu \u010derven\u00e1, \u017elut\u00e1 a oran\u017eov\u00e1 jsou barvy tepl\u00e9 a z\u00e1rove\u0148 p\u016fsob\u00ed na spodn\u00ed \u010d\u00e1st t\u011bla p\u0159ibli\u017en\u011b od pasu dol\u016f, a barvy zelen\u00e1, modr\u00e1 a fialov\u00e1 zas na horn\u00ed \u010d\u00e1st t\u011bla. R\u016f\u017eov\u00e1 barva je nav\u00edc barvou l\u00e1sky, vz\u00e1jemn\u00fdch sympati\u00ed, porozum\u011bn\u00ed a p\u0159\u00e1telstv\u00ed a m\u016f\u017eeme ji doporu\u010dit dokonce i mu\u017e\u016fm, kte\u0159\u00ed t\u00edm nebudou z\u017een\u0161til\u00ed, ale pr\u00e1v\u011b naopak. Mimochodem, v\u00edte, \u017ee v dob\u011b renesance mu\u017ei nosili s oblibou r\u016f\u017eov\u00e9 ko\u0161ile a dal\u0161\u00ed od\u011bvy?                                                                                                                                                                                                                                                                                                                                                                                         4\/5 - (6 votes)        "},{"@context":"https:\/\/schema.org\/","@type":"BreadcrumbList","itemListElement":[{"@type":"ListItem","position":1,"name":"Co se o sedac\u00edch vac\u00edch nemus\u00edte do\u010d\u00edst","item":"https:\/\/www.aktimo.cz\/co-se-o-sedacich-vacich-nemusite-docist\/#breadcrumbitem"}]}]