[{"@context":"https:\/\/schema.org\/","@type":"Article","@id":"https:\/\/www.aktimo.cz\/darek-ktery-se-bude-hodit\/#Article","mainEntityOfPage":"https:\/\/www.aktimo.cz\/darek-ktery-se-bude-hodit\/","headline":"D\u00e1rek, kter\u00fd se bude hodit","name":"D\u00e1rek, kter\u00fd se bude hodit","description":"L\u00e1mete si ka\u017ed\u00fd rok hlavu s d\u00e1rky na V\u00e1noce? Chcete d\u00e1t n\u011bco hezk\u00e9ho, co pot\u011b\u0161\u00ed a z\u00e1rove\u0148 poslou\u017e\u00ed, nechcete d\u00e1vat jen le\u017e\u00e1ky a lapa\u010de prachu? Jist\u011b si ji\u017e v t\u011bchto dnech za\u010d\u00edn\u00e1te l\u00e1mat hlavu s t\u00edm, co p\u011bkn\u00e9ho vymyslet. A v tuto chv\u00edli V\u00e1m nab\u00edz\u00ed sv\u00e9 slu\u017eby na\u0161e studio AKREM, kter\u00e9 je jedine\u010dn\u00fdm partnerem pro v\u00fdb\u011br d\u00e1rk\u016f, kter\u00e9 si vyberete &hellip; ","datePublished":"2023-06-18","dateModified":"2024-06-19","author":{"@type":"Person","@id":"https:\/\/www.aktimo.cz\/author\/#Person","name":"","url":"https:\/\/www.aktimo.cz\/author\/","identifier":1,"image":{"@type":"ImageObject","@id":"https:\/\/secure.gravatar.com\/avatar\/b682f75cb96d085fca5fbc8ca3f08e323444e236f6e6028585b73de81c46f711?s=96&d=mm&r=g","url":"https:\/\/secure.gravatar.com\/avatar\/b682f75cb96d085fca5fbc8ca3f08e323444e236f6e6028585b73de81c46f711?s=96&d=mm&r=g","height":96,"width":96}},"publisher":{"@type":"Organization","name":"aktimo.cz","logo":{"@type":"ImageObject","@id":"\/logo.png","url":"\/logo.png","width":600,"height":60}},"url":"https:\/\/www.aktimo.cz\/darek-ktery-se-bude-hodit\/","wordCount":237,"articleBody":"L\u00e1mete si ka\u017ed\u00fd rok hlavu s d\u00e1rky na V\u00e1noce? Chcete d\u00e1t n\u011bco hezk\u00e9ho, co pot\u011b\u0161\u00ed a z\u00e1rove\u0148 poslou\u017e\u00ed, nechcete d\u00e1vat jen le\u017e\u00e1ky a lapa\u010de prachu? Jist\u011b si ji\u017e v t\u011bchto dnech za\u010d\u00edn\u00e1te l\u00e1mat hlavu s t\u00edm, co p\u011bkn\u00e9ho vymyslet. A v tuto chv\u00edli V\u00e1m nab\u00edz\u00ed sv\u00e9 slu\u017eby na\u0161e studio AKREM, kter\u00e9 je jedine\u010dn\u00fdm partnerem pro v\u00fdb\u011br d\u00e1rk\u016f, kter\u00e9 si vyberete u n\u00e1s \u010di takov\u00fdch, kter\u00e9 sami navrhnete. Jsme zde, abychom realizovali Va\u0161e n\u00e1pady, sny a p\u0159edstavy, alespo\u0148 takov\u00e9, kter\u00e9 se t\u00fdkaj\u00ed dekorac\u00ed a d\u00e1rkov\u00fdch p\u0159edm\u011bt\u016f.Objednejte ji\u017e nyn\u00edD\u00e1re\u010dkem, kter\u00fd pot\u011b\u0161\u00ed ka\u017ed\u00e9ho a p\u0159i vhodn\u00e9m v\u00fdb\u011bru jist\u011b najde u\u017eitek, jsou rozhodn\u011b dekorativn\u00ed samolepky na ze\u010f. Jsou to rozm\u011brn\u00e9 fotoobrazy \u010di 3D motivy, kter\u00e9 Va\u0161emu interi\u00e9ru dodaj\u00ed zcela jinou atmosf\u00e9ru, osobit\u00fd r\u00e1z a styl. V na\u0161\u00ed galerii se nach\u00e1z\u00ed cel\u00e9 spektrum motiv\u016f, vyberte si dle t\u00e9matick\u00fdch skupin. Klasikou jsou takov\u00e9, kter\u00e9 se hod\u00ed do d\u011btsk\u00e9ho pokoje, motivy z Asie \u010di p\u0159\u00edroda nebo zaj\u00edmav\u00e9 osobnosti. Vy jen dolad\u00edte kone\u010dnou podobu sv\u00fdmi p\u0159edstavami o velikosti \u010di barv\u011b, v\u0161e m\u016f\u017eete zadat jednodu\u0161e online.                                                                                                                                                                                                                                                                                                                                                                                        3.3\/5 - (3 votes)        "},{"@context":"https:\/\/schema.org\/","@type":"BreadcrumbList","itemListElement":[{"@type":"ListItem","position":1,"name":"D\u00e1rek, kter\u00fd se bude hodit","item":"https:\/\/www.aktimo.cz\/darek-ktery-se-bude-hodit\/#breadcrumbitem"}]}]