[{"@context":"https:\/\/schema.org\/","@type":"Article","@id":"https:\/\/www.aktimo.cz\/eleganter-vas-inspiruje\/#Article","mainEntityOfPage":"https:\/\/www.aktimo.cz\/eleganter-vas-inspiruje\/","headline":"Eleganter v\u00e1s inspiruje","name":"Eleganter v\u00e1s inspiruje","description":"M\u00e1te pocit, \u017ee st\u00e1le nos\u00edte to stejn\u00e9? Nevid\u00edte ve sv\u00fdch m\u00f3dn\u00edch kreac\u00edch \u017e\u00e1dn\u00fd n\u00e1pad, nic zaj\u00edmav\u00e9ho? V\u00a0tom p\u0159\u00edpad\u011b by nebylo od v\u011bci si jednou za \u010das proj\u00edt pr\u00e1v\u011b Eleganter, kde naraz\u00edte na spoustu nejr\u016fzn\u011bj\u0161\u00edch outfit\u016f, je\u017e v\u00e1s zaujmou pr\u00e1v\u011b svou n\u00e1paditost\u00ed a nad\u010dasovost\u00ed. Nebojte se zkou\u0161et nov\u00e9 kombinace, nov\u00e9 styly a obl\u00e9kat takov\u00e9 kousky, na kter\u00e9 byste si jinak netroufli. &hellip; ","datePublished":"2024-11-06","dateModified":"2024-11-06","author":{"@type":"Person","@id":"https:\/\/www.aktimo.cz\/author\/#Person","name":"","url":"https:\/\/www.aktimo.cz\/author\/","identifier":1,"image":{"@type":"ImageObject","@id":"https:\/\/secure.gravatar.com\/avatar\/b682f75cb96d085fca5fbc8ca3f08e323444e236f6e6028585b73de81c46f711?s=96&d=mm&r=g","url":"https:\/\/secure.gravatar.com\/avatar\/b682f75cb96d085fca5fbc8ca3f08e323444e236f6e6028585b73de81c46f711?s=96&d=mm&r=g","height":96,"width":96}},"publisher":{"@type":"Organization","name":"aktimo.cz","logo":{"@type":"ImageObject","@id":"\/logo.png","url":"\/logo.png","width":600,"height":60}},"url":"https:\/\/www.aktimo.cz\/eleganter-vas-inspiruje\/","wordCount":247,"articleBody":"\tM\u00e1te pocit, \u017ee st\u00e1le nos\u00edte to stejn\u00e9? Nevid\u00edte ve sv\u00fdch m\u00f3dn\u00edch kreac\u00edch \u017e\u00e1dn\u00fd n\u00e1pad, nic zaj\u00edmav\u00e9ho? V\u00a0tom p\u0159\u00edpad\u011b by nebylo od v\u011bci si jednou za \u010das proj\u00edt pr\u00e1v\u011b Eleganter, kde naraz\u00edte na spoustu nejr\u016fzn\u011bj\u0161\u00edch outfit\u016f, je\u017e v\u00e1s zaujmou pr\u00e1v\u011b svou n\u00e1paditost\u00ed a nad\u010dasovost\u00ed. Nebojte se zkou\u0161et nov\u00e9 kombinace, nov\u00e9 styly a obl\u00e9kat takov\u00e9 kousky, na kter\u00e9 byste si jinak netroufli. Pouze takto vypadnete z\u00a0m\u00f3dn\u00edho stereotypu a budete moci uk\u00e1zat, co ve v\u00e1s opravdu je, podtrhnout sv\u016fj p\u0159irozen\u00fd \u0161arm.\tKa\u017ed\u00e1 se obl\u00e9k\u00e1 jinakJe samoz\u0159ejm\u00e9, \u017ee ka\u017ed\u00e1 d\u00edvka se obl\u00e9k\u00e1 naprosto jinak. Ka\u017ed\u00e1 m\u00e1 sv\u016fj ojedin\u011bl\u00fd styl, kter\u00fd m\u00e1 r\u00e1da a ve kter\u00e9m se c\u00edt\u00ed dob\u0159e. Abyste av\u0161ak ozvl\u00e1\u0161tnili sv\u016fj outfit a dodali mu po\u0159\u00e1dnou \u0161\u0165\u00e1vu, tak je pot\u0159eba vykro\u010dit ze sv\u00e9 komfortn\u00ed z\u00f3ny a vyzkou\u0161et i n\u011bco jin\u00e9ho. Nic v\u00e1s nenapad\u00e1? Proje\u010fte si spoustu obr\u00e1zku, na kter\u00fdch v\u00e1s \u010dek\u00e1 hromada inspirace. Na sv\u00e9 si p\u0159ijdou lidi, kte\u0159\u00ed preferuj\u00ed le\u017e\u00e9rn\u00ed, sportovn\u00ed, nad\u010dasov\u00fd nebo dokonce i luxusn\u00ed styl obl\u00e9k\u00e1n\u00ed. Je to tedy str\u00e1nka vhodn\u00e1 naprosto pro v\u0161echny \u017eeny a d\u00edvky, proto je \u010das, abyste tomu dali takt\u00e9\u017e \u0161anci.                                                                                                                                                                                                                                                                                                                                                                                        5\/5 - (1 vote)        "},{"@context":"https:\/\/schema.org\/","@type":"BreadcrumbList","itemListElement":[{"@type":"ListItem","position":1,"name":"Eleganter v\u00e1s inspiruje","item":"https:\/\/www.aktimo.cz\/eleganter-vas-inspiruje\/#breadcrumbitem"}]}]