[{"@context":"https:\/\/schema.org\/","@type":"Article","@id":"https:\/\/www.aktimo.cz\/ja-a-motorka\/#Article","mainEntityOfPage":"https:\/\/www.aktimo.cz\/ja-a-motorka\/","headline":"J\u00e1 a motorka","name":"J\u00e1 a motorka","description":"Zkou\u0161eli jste n\u011bkdy jezdit na motorce? Pokud ne, tak j\u00e1 v\u00e1m \u0159eknu sv\u016fj p\u0159\u00edb\u011bh, jak jsem zkou\u0161ela jezdit poprv\u00e9 na motorce, proto\u017ee odmali\u010dka m\u011b fascinovaly v\u0161echny motorky. A bylo jedno, jestli jsou siln\u00e9 anebo lehk\u00e9 motorky. Prost\u011b jsem m\u011bla doma u\u017e jako d\u00edt\u011b v pokoj\u00ed\u010dku plak\u00e1ty motorek anebo aut. To se mi l\u00edbilo. A j\u00e1 jsem si \u0159\u00edkala, \u017ee jakmile &hellip; ","datePublished":"2022-08-28","dateModified":"2023-05-03","author":{"@type":"Person","@id":"https:\/\/www.aktimo.cz\/author\/#Person","name":"","url":"https:\/\/www.aktimo.cz\/author\/","identifier":1,"image":{"@type":"ImageObject","@id":"https:\/\/secure.gravatar.com\/avatar\/b682f75cb96d085fca5fbc8ca3f08e323444e236f6e6028585b73de81c46f711?s=96&d=mm&r=g","url":"https:\/\/secure.gravatar.com\/avatar\/b682f75cb96d085fca5fbc8ca3f08e323444e236f6e6028585b73de81c46f711?s=96&d=mm&r=g","height":96,"width":96}},"publisher":{"@type":"Organization","name":"aktimo.cz","logo":{"@type":"ImageObject","@id":"\/logo.png","url":"\/logo.png","width":600,"height":60}},"image":{"@type":"ImageObject","@id":"https:\/\/www.aktimo.cz\/wp-content\/uploads\/mercedes-3417100_960_720.jpg","url":"https:\/\/www.aktimo.cz\/wp-content\/uploads\/mercedes-3417100_960_720.jpg","height":0,"width":0},"url":"https:\/\/www.aktimo.cz\/ja-a-motorka\/","about":["Moto"],"wordCount":405,"articleBody":"Zkou\u0161eli jste n\u011bkdy jezdit na motorce? Pokud ne, tak j\u00e1 v\u00e1m \u0159eknu sv\u016fj p\u0159\u00edb\u011bh, jak jsem zkou\u0161ela jezdit poprv\u00e9 na motorce, proto\u017ee odmali\u010dka m\u011b fascinovaly v\u0161echny motorky. A bylo jedno, jestli jsou siln\u00e9 anebo lehk\u00e9 motorky. Prost\u011b jsem m\u011bla doma u\u017e jako d\u00edt\u011b v pokoj\u00ed\u010dku plak\u00e1ty motorek anebo aut. To se mi l\u00edbilo. A j\u00e1 jsem si \u0159\u00edkala, \u017ee jakmile budu moct, ud\u011bl\u00e1m si \u0159idi\u010dsk\u00fd pr\u016fkaz na n\u011bjakou silnou motorku. Byl to m\u016fj sen.A proto\u017ee jeden m\u016fj nejlep\u0161\u00ed kamar\u00e1d m\u011bl motorku, kter\u00e1 byla siln\u00e1, tak mi dovolil, \u017ee se na n\u00ed m\u016f\u017eu projet. Ani nev\u00edte, jako mi t\u00edm kamar\u00e1d ud\u011blal velkou radost. Netu\u0161ila jsem, \u017ee u\u017e v \u0161estn\u00e1cti letech poprv\u00e9 usednu na opravdu t\u011b\u017ek\u00e9 stroj, na kter\u00fd je \u0159idi\u010dsk\u00fd pr\u016fkaz povolen a\u017e od osmn\u00e1cti let. Na tohle jste pot\u0159ebovali \u0159idi\u010dsk\u00fd pr\u016fkaz typu\u00a0B. J\u00e1 jsem ho samoz\u0159ejm\u011b nem\u011bla, ale s kamar\u00e1dem jsme si \u0159ekli, \u017ee kdy\u017e budu jezdit n\u011bkde na poln\u00ed cest\u011b, \u017ee se nic hrozn\u00e9ho nestane. Sice ano, kamar\u00e1d m\u011b tak nap\u016fl pravdu. Samoz\u0159ejm\u011b, \u017ee n\u00e1s tam \u017e\u00e1dn\u00ed policajti anebo dal\u0161\u00ed lid\u00e9 nechytili, proto\u017ee tam opravdu skoro nikdo nechod\u00ed krom\u011b n\u011bjak\u00fdch divok\u00fdch zv\u00ed\u0159at nebo lid\u00ed se\u00a0zv\u00ed\u0159aty\u00a0na proch\u00e1zku. Bohu\u017eel, stala se chyba. J\u00e1 jsem se n\u011bjak \u0161patn\u011b dr\u017eela to je motorky. Ani kamar\u00e1d mi to n\u011bjak dokonale nepopsal, co m\u00e1m d\u011blat, jak se \u0159\u00edd\u00ed tento t\u011b\u017ek\u00fd. A tak jsem zm\u00e1\u010dkla plyn, jakmile motorka vyjela, j\u00e1 jsem z\u016fstala na m\u00edst\u011b. Motorka prost\u011b n\u011bkam odjela a m\u011b ihned shodila na zem jako k\u016f\u0148. Byla jsem v \u0161oku, tak\u017ee a od t\u00e9 doby v\u00edm, \u017ee kdy\u017e neum\u00edm po\u0159\u00e1dn\u011b\u00a0jezdit\u00a0na motorce, tak na to nem\u00e1m ani v\u016fbec se d\u00e1t. A vy jste u\u017e n\u011bkdy zkou\u0161eli jezdit na t\u011b\u017ek\u00e9\u00a0motorce\u00a0nebo jin\u00e9m moto typu? V\u00edm, \u017ee je to velmi l\u00e1kav\u00e9 a takov\u00e9\u00a0rebelsk\u00e9, ale berte v \u00favahu, \u017ee v\u0161echno m\u00e1 sv\u00e1 pravidla a taky dal\u0161\u00ed nutnosti,\u00a0kter\u00e9\u00a0mus\u00edte\u00a0spl\u0148ovat, ne\u017e na motorku usednete. Tak\u017ee rad\u011bji hur\u00e1 do auto\u0161koly!                                                                                                                                                                                                                                                                                                                                                                                        3.7\/5 - (4 votes)        "},{"@context":"https:\/\/schema.org\/","@type":"BreadcrumbList","itemListElement":[{"@type":"ListItem","position":1,"name":"J\u00e1 a motorka","item":"https:\/\/www.aktimo.cz\/ja-a-motorka\/#breadcrumbitem"}]}]