[{"@context":"https:\/\/schema.org\/","@type":"Article","@id":"https:\/\/www.aktimo.cz\/kabatek-na-zimu\/#Article","mainEntityOfPage":"https:\/\/www.aktimo.cz\/kabatek-na-zimu\/","headline":"Kab\u00e1tek na zimu","name":"Kab\u00e1tek na zimu","description":"Ty nejlep\u0161\u00ed kousky ze zimn\u00edch kab\u00e1t\u016f se v\u017edy ihned vyprodaj\u00ed, a pokud nyn\u00ed zav\u00e1h\u00e1me, budeme na posledn\u00ed chv\u00edli sh\u00e1n\u011bt ten n\u00e1\u0161 ide\u00e1ln\u00ed. Zimn\u00ed kab\u00e1ty bychom si m\u011bly nakoupit hned, jak nov\u00e1 kolekce p\u0159ijde do obchod\u016f. Kter\u00e9 zimn\u00ed kab\u00e1ty jsou nejv\u00edce trendy ji\u017e nyn\u00ed? Ko\u017eich medv\u011bda Tomuto st\u0159ihu kab\u00e1tu se tak\u00e9 \u0159\u00edk\u00e1 teddy bear coat. Tenhle kousek bude letos nejsp\u00ed\u0161e jedn\u00edm &hellip; ","datePublished":"2020-09-13","dateModified":"2020-09-13","author":{"@type":"Person","@id":"https:\/\/www.aktimo.cz\/author\/#Person","name":"","url":"https:\/\/www.aktimo.cz\/author\/","identifier":1,"image":{"@type":"ImageObject","@id":"https:\/\/secure.gravatar.com\/avatar\/b682f75cb96d085fca5fbc8ca3f08e323444e236f6e6028585b73de81c46f711?s=96&d=mm&r=g","url":"https:\/\/secure.gravatar.com\/avatar\/b682f75cb96d085fca5fbc8ca3f08e323444e236f6e6028585b73de81c46f711?s=96&d=mm&r=g","height":96,"width":96}},"publisher":{"@type":"Organization","name":"aktimo.cz","logo":{"@type":"ImageObject","@id":"\/logo.png","url":"\/logo.png","width":600,"height":60}},"image":{"@type":"ImageObject","@id":"https:\/\/www.aktimo.cz\/wp-content\/uploads\/img_a300696_w2141_t1510737945.jpg","url":"https:\/\/www.aktimo.cz\/wp-content\/uploads\/img_a300696_w2141_t1510737945.jpg","height":0,"width":0},"url":"https:\/\/www.aktimo.cz\/kabatek-na-zimu\/","wordCount":411,"articleBody":"\tTy nejlep\u0161\u00ed kousky ze zimn\u00edch kab\u00e1t\u016f se v\u017edy ihned vyprodaj\u00ed, a pokud nyn\u00ed zav\u00e1h\u00e1me, budeme na posledn\u00ed chv\u00edli sh\u00e1n\u011bt ten n\u00e1\u0161 ide\u00e1ln\u00ed. Zimn\u00ed kab\u00e1ty bychom si m\u011bly nakoupit hned, jak nov\u00e1 kolekce p\u0159ijde do obchod\u016f. Kter\u00e9 zimn\u00ed kab\u00e1ty jsou nejv\u00edce trendy ji\u017e nyn\u00ed?\t\tKo\u017eich medv\u011bdaTomuto st\u0159ihu kab\u00e1tu se tak\u00e9 \u0159\u00edk\u00e1 teddy bear coat. Tenhle kousek bude letos nejsp\u00ed\u0161e jedn\u00edm z nejv\u011bt\u0161\u00edch trend\u016f, nebo\u0165 je jedn\u00edm z nejteplej\u0161\u00ed a nejpohodln\u011bj\u0161\u00edch kab\u00e1t\u016f. Rozhodn\u011b neud\u011bl\u00e1te chybu, kdy\u017e tento roztomil\u00fd kab\u00e1t zkus\u00edte. Nejenom, \u017ee v\u00e1s zah\u0159eje, ale budete se v n\u011bm tak\u00e9 c\u00edtit, jako byste byly celou zimu zabalen\u00e9 do nejhu\u0148at\u011bj\u0161\u00ed deky. Medv\u011bd\u00ed kab\u00e1t je naprosto ide\u00e1ln\u00ed nap\u0159\u00edklad na proch\u00e1zku p\u0159\u00edrodou. Pokud si v\u0161ak po\u0159\u00edd\u00edte dlouhou variantu tohoto kab\u00e1tu, je vhodn\u00fd i do kancel\u00e1\u0159e. Zkombinovat se d\u00e1 tento st\u0159ih v krat\u0161\u00ed variant\u011b s \u00fazk\u00fdmi kalhotami, kdy vypad\u00e1 skv\u011ble. Del\u0161\u00ed varianty kab\u00e1tu zase naopak kr\u00e1sn\u011b lad\u00ed k voln\u011bj\u0161\u00edm kalhot\u00e1m, nap\u0159\u00edklad elegantn\u00edm a kost\u00fdmkov\u00fdm.\tLeteck\u00e1 ko\u017een\u00e1 bundaLeteck\u00e1 bunda v\u00e1s bude zah\u0159\u00edvat a nezrad\u00ed v\u00e1s ani v t\u011bch nejv\u011bt\u0161\u00edch mrazech.\tP\u00e9\u0159ov\u00e1 bundaZrovna tak, pokud se chyst\u00e1te na hory, bude v\u00e1s zaru\u010den\u011b h\u0159\u00e1t p\u00e9\u0159ov\u00e1 bunda. Jej\u00ed po\u0159\u00edzen\u00ed se rozhodn\u011b vyplat\u00ed.\tUm\u011bl\u00e1 ko\u017ee\u0161inaV\u00edcebarevn\u00e1 um\u011bl\u00e1 ko\u017ee\u0161ina je letos ohromn\u00fdm hitem. A \u010d\u00edm v\u00edce barev, t\u00edm l\u00e9pe. Um\u011bl\u00e1 ko\u017ee\u0161ina toti\u017e kone\u010dn\u011b za\u0161\u00edv\u00e1 sv\u016fj b\u00e1je\u010dn\u00fd n\u00e1vrat. Nos\u00ed se ve v\u0161ech proveden\u00edch, ale nejv\u00edce ji uvid\u00edte na velmi dlouh\u00fdch kab\u00e1tech ve v\u00fdrazn\u00fdch barv\u00e1ch.\tKostkovan\u00fd kab\u00e1tKostkovan\u00fd kab\u00e1t je prost\u011b obl\u00edben\u00e1 klasika. Tento tradi\u010dn\u00ed kousek tak\u00e9 ur\u010dit\u011b pot\u0159ebovat.\tVinylVinylov\u00fd kab\u00e1t, anebo parka je netradi\u010dn\u00edm kouskem, kter\u00fdm d\u00e1te v\u0161em okolo najevo, \u017ee jste m\u00f3dn\u00ed ikonou. Nen\u00ed to sice \u00fapln\u011b jednoduch\u00fd kab\u00e1tek, ale je velice hrav\u00fd.\tVintage stylLetos jsou trendy vintage kousky, tak\u017ee by v\u00e1m v \u0161atn\u00edku rozhodn\u011b nem\u011bla chyb\u011bt velk\u00e1 vintage bunda. A a\u0165 vypad\u00e1 hodn\u011b retro.                                                                                                                                                                                                                                                                                                                                                                                        5\/5 - (2 votes)        "},{"@context":"https:\/\/schema.org\/","@type":"BreadcrumbList","itemListElement":[{"@type":"ListItem","position":1,"name":"Kab\u00e1tek na zimu","item":"https:\/\/www.aktimo.cz\/kabatek-na-zimu\/#breadcrumbitem"}]}]