[{"@context":"https:\/\/schema.org\/","@type":"Article","@id":"https:\/\/www.aktimo.cz\/kdy-se-ma-zavolat-elektrikar-praha-5-pripadne-praha-6-elektrikar\/#Article","mainEntityOfPage":"https:\/\/www.aktimo.cz\/kdy-se-ma-zavolat-elektrikar-praha-5-pripadne-praha-6-elektrikar\/","headline":"Kdy se m\u00e1 zavolat elektrik\u00e1\u0159 Praha 5, p\u0159\u00edpadn\u011b Praha 6 elektrik\u00e1\u0159","name":"Kdy se m\u00e1 zavolat elektrik\u00e1\u0159 Praha 5, p\u0159\u00edpadn\u011b Praha 6 elektrik\u00e1\u0159","description":"Je faktem, \u017ee nic nevydr\u017e\u00ed v\u011b\u010dn\u011b. Je jedno, jakou p\u00e9\u010di on\u00e9 v\u011bci v\u011bnujeme, po n\u011bjak\u00e9m \u010dase se stejn\u011b rozbije \u010di p\u0159estane fungovat. A \u010d\u00edm v\u00edce ji budeme pou\u017e\u00edvat, t\u00edm d\u0159\u00edve p\u0159ijde jej\u00ed \u010das. To plat\u00ed i o elektrick\u00fdch rozvodech. Ty maj\u00ed tu v\u00fdhodu, \u017ee jsou z velk\u00e9 \u010d\u00e1sti ukryty ve zdi. Tam jim po\u0161kozen\u00ed p\u0159\u00edli\u0161 nehroz\u00ed, tak\u017ee obvykle odch\u00e1z\u00ed a\u017e &hellip; ","datePublished":"2020-10-20","dateModified":"2023-09-19","author":{"@type":"Person","@id":"https:\/\/www.aktimo.cz\/author\/#Person","name":"","url":"https:\/\/www.aktimo.cz\/author\/","identifier":1,"image":{"@type":"ImageObject","@id":"https:\/\/secure.gravatar.com\/avatar\/b682f75cb96d085fca5fbc8ca3f08e323444e236f6e6028585b73de81c46f711?s=96&d=mm&r=g","url":"https:\/\/secure.gravatar.com\/avatar\/b682f75cb96d085fca5fbc8ca3f08e323444e236f6e6028585b73de81c46f711?s=96&d=mm&r=g","height":96,"width":96}},"publisher":{"@type":"Organization","name":"aktimo.cz","logo":{"@type":"ImageObject","@id":"\/logo.png","url":"\/logo.png","width":600,"height":60}},"image":{"@type":"ImageObject","@id":"https:\/\/www.aktimo.cz\/wp-content\/uploads\/img_a389116_w3470_t1604056942.jpg","url":"https:\/\/www.aktimo.cz\/wp-content\/uploads\/img_a389116_w3470_t1604056942.jpg","height":0,"width":0},"url":"https:\/\/www.aktimo.cz\/kdy-se-ma-zavolat-elektrikar-praha-5-pripadne-praha-6-elektrikar\/","about":["Zbo\u017e\u00ed"],"wordCount":417,"articleBody":"       Je faktem, \u017ee nic nevydr\u017e\u00ed v\u011b\u010dn\u011b. Je jedno, jakou p\u00e9\u010di on\u00e9 v\u011bci v\u011bnujeme, po n\u011bjak\u00e9m \u010dase se stejn\u011b rozbije \u010di p\u0159estane fungovat. A \u010d\u00edm v\u00edce ji budeme pou\u017e\u00edvat, t\u00edm d\u0159\u00edve p\u0159ijde jej\u00ed \u010das. To plat\u00ed i o elektrick\u00fdch rozvodech. Ty maj\u00ed tu v\u00fdhodu, \u017ee jsou z velk\u00e9 \u010d\u00e1sti ukryty ve zdi. Tam jim po\u0161kozen\u00ed p\u0159\u00edli\u0161 nehroz\u00ed, tak\u017ee obvykle odch\u00e1z\u00ed a\u017e v d\u016fsledku opot\u0159eben\u00ed. A vzhledem k trvanlivosti materi\u00e1l\u016f, ze kter\u00fdch je vyrobeno, vydr\u017e\u00ed mnoho let. Ov\u0161em existuj\u00ed i slab\u00e1 m\u00edsta, kter\u00e1 jsou k rozbit\u00ed n\u00e1chyln\u011bj\u0161\u00ed. T\u011bmi jsou vyp\u00edna\u010de osv\u011btlen\u00ed a p\u0159edev\u0161\u00edm pak z\u00e1suvky. D\u0159\u00edve s nimi byl probl\u00e9m p\u0159edev\u0161\u00edm b\u011bhem bou\u0159ky, kdy z\u00e1sah bleskem mohl s\u00ed\u0165 zkratovat a po\u0161kodit spot\u0159ebi\u010de, kter\u00e9 v tu chv\u00edli byly do elekt\u0159iny zapojeny. Dnes ji\u017e na\u0161t\u011bst\u00ed mnoho lid\u00ed pou\u017e\u00edv\u00e1 z\u00e1suvky s p\u0159ep\u011b\u0165ovou ochranou, kde n\u011bco takov\u00e9ho nehroz\u00ed. To v\u0161ak neznamen\u00e1, \u017ee nem\u016f\u017ee doj\u00edt k po\u0161kozen\u00ed, zvl\u00e1\u0161t\u011b pokud \u010dasto spot\u0159ebi\u010de vynd\u00e1v\u00e1me a zand\u00e1v\u00e1me do s\u00edt\u011b. To toti\u017e zvy\u0161uje od\u011br, \u010d\u00edm\u017e se st\u00edr\u00e1 ochrann\u00e1 vrstva a obna\u017euj\u00ed se syrov\u00e9 dr\u00e1ty. \u017de to nen\u00ed nic dobr\u00e9ho, nen\u00ed t\u0159eba \u0159\u00edkat. Co ale d\u011blat, pokud se ji\u017e n\u011bco stane? Obvykle se vyhled\u00e1 odborn\u00edk nap\u0159\u00edklad elektrik\u00e1\u0159 Praha 5, \u010di Praha 6 elektrik\u00e1\u0159, podle toho, kde bydl\u00edte. Ten si v\u0161ak nech\u00e1 za svou pr\u00e1ci samoz\u0159ejm\u011b zaplatit. Mnoho lid\u00ed se tedy rozm\u00fd\u0161l\u00ed, zda je tento krok skute\u010dn\u011b nutn\u00fd, a zda by nemohli u\u0161et\u0159it a probl\u00e9m opravit sami. Odpov\u011b\u010f zn\u00ed, \u017ee ve v\u011bt\u0161in\u011b p\u0159\u00edpad\u016f nikoliv. Ji\u017e jako mal\u00e9 n\u00e1s u\u010dili, \u017ee zahr\u00e1vat si s elekt\u0159inou je nebezpe\u010dn\u00e9, a z dobr\u00e9ho d\u016fvodu. Pokud nebudete opatrn\u00ed, m\u016f\u017ee to v\u00e9st i k \u00famrt\u00ed. A to jist\u011b nechceme. Proto pokud se podobn\u00fd probl\u00e9m objev\u00ed, v\u017edy elektrik\u00e1\u0159e volejte, i kdybyste si m\u011bli zaplatit p\u0159\u00edplatek za pr\u00e1ci o v\u00edkendu \u010di o sv\u00e1tku. A\u0165 tomu toti\u017e v\u011b\u0159\u00edte nebo ne, v\u00e1\u0161 \u017eivot je rozhodn\u011b d\u016fle\u017eit\u011bj\u0161\u00ed, ne\u017e pen\u00edze. Pokud ne pro v\u00e1s, tak pro va\u0161e milovan\u00e9 ur\u010dit\u011b.                                                                                                                                                                                                                                                                                                                                                                                          3.9\/5 - (8 votes)        "},{"@context":"https:\/\/schema.org\/","@type":"BreadcrumbList","itemListElement":[{"@type":"ListItem","position":1,"name":"Kdy se m\u00e1 zavolat elektrik\u00e1\u0159 Praha 5, p\u0159\u00edpadn\u011b Praha 6 elektrik\u00e1\u0159","item":"https:\/\/www.aktimo.cz\/kdy-se-ma-zavolat-elektrikar-praha-5-pripadne-praha-6-elektrikar\/#breadcrumbitem"}]}]