[{"@context":"https:\/\/schema.org\/","@type":"Article","@id":"https:\/\/www.aktimo.cz\/kufr-na-naradi\/#Article","mainEntityOfPage":"https:\/\/www.aktimo.cz\/kufr-na-naradi\/","headline":"Kufr na n\u00e1\u0159ad\u00ed","name":"Kufr na n\u00e1\u0159ad\u00ed","description":"M\u00e1te spoustu n\u00e1\u0159ad\u00ed, a bohu\u017eel nev\u00edte, kam ho efektivn\u011b uskladnit, aby to nezabralo p\u0159\u00edli\u0161 prostoru? Uva\u017eujete o d\u00e1rku pro sv\u00e9ho otce \u010di p\u0159\u00edtele, kter\u00fd m\u00e1 kutilsk\u00e9 vlohy? A\u0165 u\u017e je v\u00e1\u0161 p\u0159\u00edb\u011bh jak\u00fdkoliv, kufr na n\u00e1\u0159ad\u00ed z na\u0161\u00ed nab\u00eddky pro v\u00e1s bude v\u017edy t\u00edm nejlep\u0161\u00edm a cenov\u011b nejv\u00fdhodn\u011bj\u0161\u00edm \u0159e\u0161en\u00edm. Snad ka\u017ed\u00fd mu\u017e by m\u011bl jeden takov\u00fd kufr na n\u00e1\u0159ad\u00ed vlastnit, &hellip; ","datePublished":"2025-02-16","dateModified":"2025-02-16","author":{"@type":"Person","@id":"https:\/\/www.aktimo.cz\/author\/#Person","name":"","url":"https:\/\/www.aktimo.cz\/author\/","identifier":1,"image":{"@type":"ImageObject","@id":"https:\/\/secure.gravatar.com\/avatar\/b682f75cb96d085fca5fbc8ca3f08e323444e236f6e6028585b73de81c46f711?s=96&d=mm&r=g","url":"https:\/\/secure.gravatar.com\/avatar\/b682f75cb96d085fca5fbc8ca3f08e323444e236f6e6028585b73de81c46f711?s=96&d=mm&r=g","height":96,"width":96}},"publisher":{"@type":"Organization","name":"aktimo.cz","logo":{"@type":"ImageObject","@id":"\/logo.png","url":"\/logo.png","width":600,"height":60}},"url":"https:\/\/www.aktimo.cz\/kufr-na-naradi\/","wordCount":198,"articleBody":"M\u00e1te spoustu n\u00e1\u0159ad\u00ed, a bohu\u017eel nev\u00edte, kam ho efektivn\u011b uskladnit, aby to nezabralo p\u0159\u00edli\u0161 prostoru? Uva\u017eujete o d\u00e1rku pro sv\u00e9ho otce \u010di p\u0159\u00edtele, kter\u00fd m\u00e1 kutilsk\u00e9 vlohy? A\u0165 u\u017e je v\u00e1\u0161 p\u0159\u00edb\u011bh jak\u00fdkoliv, kufr na n\u00e1\u0159ad\u00ed z na\u0161\u00ed nab\u00eddky pro v\u00e1s bude v\u017edy t\u00edm nejlep\u0161\u00edm a cenov\u011b nejv\u00fdhodn\u011bj\u0161\u00edm \u0159e\u0161en\u00edm.Snad ka\u017ed\u00fd mu\u017e by m\u011bl jeden takov\u00fd kufr na n\u00e1\u0159ad\u00ed vlastnit, a m\u00edt v n\u011bm n\u011bkolik z\u00e1kladn\u00edch typ\u016f n\u00e1\u0159ad\u00ed, pomoc\u00ed kter\u00fdch by dok\u00e1zal leccos v dom\u00e1cnosti opravit. Po\u0159i\u010fte si i vy tento skv\u011bl\u00fd a praktick\u00fd kufr a m\u011bjte sv\u00e9 n\u00e1\u0159ad\u00ed v\u017edy, kdy\u017e to bude pot\u0159eba, po ruce.Dlouh\u00e1 z\u00e1rukaJsme p\u0159esv\u011bd\u010den\u00ed o kvalit\u00e1ch, kter\u00e9 v\u00e1m mohou kufry na n\u00e1\u0159ad\u00ed z na\u0161\u00ed nab\u00eddky poskytnou. Pr\u00e1v\u011b z toho d\u016fvodu na ka\u017ed\u00fd kufr na n\u00e1\u0159ad\u00ed poskytujeme sedmiletou z\u00e1ruku. P\u0159esv\u011bd\u010dte se o kvalit\u011b na\u0161ich kufr\u016f sami, a to na vlastn\u00ed k\u016f\u017ei.                                                                                                                                                                                                                                                                                                                                                                                        5\/5 - (1 vote)        "},{"@context":"https:\/\/schema.org\/","@type":"BreadcrumbList","itemListElement":[{"@type":"ListItem","position":1,"name":"Kufr na n\u00e1\u0159ad\u00ed","item":"https:\/\/www.aktimo.cz\/kufr-na-naradi\/#breadcrumbitem"}]}]