[{"@context":"https:\/\/schema.org\/","@type":"Article","@id":"https:\/\/www.aktimo.cz\/mate-potize-s-mravenci\/#Article","mainEntityOfPage":"https:\/\/www.aktimo.cz\/mate-potize-s-mravenci\/","headline":"M\u00e1te pot\u00ed\u017ee s mravenci?","name":"M\u00e1te pot\u00ed\u017ee s mravenci?","description":"Na\u0161\u00ed p\u0159\u00edrod\u011b jsou mravenci prosp\u011b\u0161n\u00ed. A pokud snad ne prosp\u011b\u0161n\u00ed, pak aspo\u0148 nevad\u00ed. Stav\u00ed si n\u011bkde sv\u00e1 mraveni\u0161t\u011b, \u201aukl\u00edzej\u00ed\u2018 m\u00edsta, kde se vyskytuj\u00ed, mno\u017e\u00ed se a norm\u00e1ln\u011b si \u017eij\u00ed. Ale pokud se n\u011bkdy \u0159\u00edzen\u00edm osudu ocitnou i u n\u00e1s doma, mohou b\u00fdt r\u00e1zem obt\u00ed\u017en\u00fdmi tvory. Proto\u017ee si \u017eij\u00ed po sv\u00e9m, tak, jak to mravenci d\u011blaj\u00ed, a to neodpov\u00edd\u00e1 p\u0159edstav\u00e1m n\u00e1s &hellip; ","datePublished":"2025-02-11","dateModified":"2025-02-11","author":{"@type":"Person","@id":"https:\/\/www.aktimo.cz\/author\/#Person","name":"","url":"https:\/\/www.aktimo.cz\/author\/","identifier":1,"image":{"@type":"ImageObject","@id":"https:\/\/secure.gravatar.com\/avatar\/b682f75cb96d085fca5fbc8ca3f08e323444e236f6e6028585b73de81c46f711?s=96&d=mm&r=g","url":"https:\/\/secure.gravatar.com\/avatar\/b682f75cb96d085fca5fbc8ca3f08e323444e236f6e6028585b73de81c46f711?s=96&d=mm&r=g","height":96,"width":96}},"publisher":{"@type":"Organization","name":"aktimo.cz","logo":{"@type":"ImageObject","@id":"\/logo.png","url":"\/logo.png","width":600,"height":60}},"image":{"@type":"ImageObject","@id":"https:\/\/www.aktimo.cz\/wp-content\/uploads\/mmmmmm_3.jpg","url":"https:\/\/www.aktimo.cz\/wp-content\/uploads\/mmmmmm_3.jpg","height":0,"width":0},"url":"https:\/\/www.aktimo.cz\/mate-potize-s-mravenci\/","about":["Byznys"],"wordCount":410,"articleBody":"      Na\u0161\u00ed p\u0159\u00edrod\u011b jsou mravenci prosp\u011b\u0161n\u00ed. A pokud snad ne prosp\u011b\u0161n\u00ed, pak aspo\u0148 nevad\u00ed. Stav\u00ed si n\u011bkde sv\u00e1 mraveni\u0161t\u011b, \u201aukl\u00edzej\u00ed\u2018 m\u00edsta, kde se vyskytuj\u00ed, mno\u017e\u00ed se a norm\u00e1ln\u011b si \u017eij\u00ed. Ale pokud se n\u011bkdy \u0159\u00edzen\u00edm osudu ocitnou i u n\u00e1s doma, mohou b\u00fdt r\u00e1zem obt\u00ed\u017en\u00fdmi tvory. Proto\u017ee si \u017eij\u00ed po sv\u00e9m, tak, jak to mravenci d\u011blaj\u00ed, a to neodpov\u00edd\u00e1 p\u0159edstav\u00e1m n\u00e1s lid\u00ed o spokojen\u00e9m sou\u017eit\u00ed. Kdy\u017e si najdou mravenci cestu k n\u00e1m dom\u016f, zabydl\u00ed se tu a za\u010dnou si i zde budovat sv\u016fj domov k obrazu sv\u00e9mu. A to je probl\u00e9m. Proto\u017ee p\u0159i tom sou\u010dasn\u011b po\u0161kozuj\u00ed domov n\u00e1\u0161. Dok\u00e1\u017eou se negativn\u011b podepsat i na n\u00e1bytku, i na jin\u00e9m vybaven\u00ed, a dokonce i na n\u011bkter\u00fdch \u010d\u00e1stech na\u0161ich dom\u016f, co\u017e n\u00e1m lidem komplikuje \u017eivot, kdy\u017e zaregistruj\u00ed na\u0161e potraviny, ke kter\u00fdm maj\u00ed \u0161anci se dostat, vyu\u017eij\u00ed toho, a kdy\u017e se jim z jak\u00e9hokoliv d\u016fvodu znel\u00edb\u00edme, je\u0161t\u011b n\u00e1s jsou schopni hodn\u011b nep\u0159\u00edjemn\u011b po\u0161t\u00edpat. Tak\u017ee v lidsk\u00fdch obydl\u00edch nejsou mravenci v\u00edtan\u00ed. A pokud se rozhodnou \u017e\u00edt tu s n\u00e1mi, mus\u00edme s nimi zato\u010dit, jakkoliv bychom v jin\u00fdch situac\u00edch nezk\u0159ivili \u017e\u00e1dn\u00e9mu \u017eiv\u00e9mu tvorovi ani vl\u00e1sek. Ale mravenci b\u00fdvaj\u00ed \u010dasto zalezl\u00ed. Nedostaneme se tedy ke v\u0161em, nedok\u00e1\u017eeme je kompletn\u011b vyhubit, a tud\u00ed\u017e se n\u00e1m tu mno\u017e\u00ed. A ti, kter\u00e9 se n\u00e1m poda\u0159\u00ed zab\u00edt, jsou jenom pomysln\u00fdm vrcholkem ledovce. Tak\u017ee tudy cesta nevede. A kdy\u017e chceme s likvidac\u00ed mravenc\u016f usp\u011bt? Pak m\u00e1 v oboru deratizace mravenc\u016f Praha specializovanou firmu, kter\u00e1 n\u00e1m nab\u00edz\u00ed velice u\u017eite\u010dn\u00e9 slu\u017eby. Proto\u017ee ta dok\u00e1\u017ee r\u016fzn\u00fdmi zp\u016fsoby ony nep\u0159\u00edjemn\u00e9 mraven\u010d\u00ed hosty zlikvidovat, aby p\u0159estali b\u00fdt probl\u00e9mem. A kdy\u017e tu takov\u00e1 firma je, je rozumn\u00e9 ji vyu\u017e\u00edt. Proto\u017ee \u017eivot s mravenci nen\u00ed nic p\u0159\u00edjemn\u00e9ho. Mravenci v cukru a jin\u00fdch potravin\u00e1ch, rozkousan\u00fd n\u00e1bytek a dal\u0161\u00ed \u0161kody jsou n\u011b\u010d\u00edm, s \u010d\u00edm se nem\u016f\u017eeme smi\u0159ovat. Proto\u017ee si chceme \u017e\u00edt spokojen\u011b tam, kde jsme doma. A mravenci a\u0165 si \u017eij\u00ed tak\u00e9 spokojen\u011b, ale tam, kam pat\u0159\u00ed. T\u0159eba v lese.                                                                                                                                                                                                                                                                                                                                                                                          4.2\/5 - (6 votes)        "},{"@context":"https:\/\/schema.org\/","@type":"BreadcrumbList","itemListElement":[{"@type":"ListItem","position":1,"name":"M\u00e1te pot\u00ed\u017ee s mravenci?","item":"https:\/\/www.aktimo.cz\/mate-potize-s-mravenci\/#breadcrumbitem"}]}]