[{"@context":"https:\/\/schema.org\/","@type":"Article","@id":"https:\/\/www.aktimo.cz\/muz-v-typicky-zenske-profesi\/#Article","mainEntityOfPage":"https:\/\/www.aktimo.cz\/muz-v-typicky-zenske-profesi\/","headline":"Mu\u017e v typicky \u017eensk\u00e9 profesi","name":"Mu\u017e v typicky \u017eensk\u00e9 profesi","description":"\u0158ada mu\u017e\u016f v sou\u010dasn\u00e9 dob\u011b nach\u00e1z\u00ed uplatn\u011bn\u00ed v profes\u00edch, kter\u00e9 v dob\u011b p\u0159ed t\u0159iceti lety byly ur\u010deny pouze \u017een\u00e1m. Pokud p\u0159ece jen uchaze\u010d m\u00edsto v\u00fdjime\u010dn\u011b dostal, \u010dasto musel \u010delit posm\u011bchu ze strany nejenom mu\u017esk\u00e9ho, ale i \u017eensk\u00e9ho okol\u00ed. Nab\u00edz\u00ed se jmenovat profese kade\u0159n\u00edka, kv\u011btin\u00e1\u0159e, d\u0159\u00edve to byli i cukr\u00e1\u0159i, nebo krej\u010d\u00ed, kte\u0159\u00ed ve sv\u00e9m okol\u00ed nikdy nebyli pova\u017eov\u00e1ni za dostate\u010dn\u00e9 &hellip; ","datePublished":"2018-11-24","dateModified":"2018-11-24","author":{"@type":"Person","@id":"https:\/\/www.aktimo.cz\/author\/#Person","name":"","url":"https:\/\/www.aktimo.cz\/author\/","identifier":1,"image":{"@type":"ImageObject","@id":"https:\/\/secure.gravatar.com\/avatar\/b682f75cb96d085fca5fbc8ca3f08e323444e236f6e6028585b73de81c46f711?s=96&d=mm&r=g","url":"https:\/\/secure.gravatar.com\/avatar\/b682f75cb96d085fca5fbc8ca3f08e323444e236f6e6028585b73de81c46f711?s=96&d=mm&r=g","height":96,"width":96}},"publisher":{"@type":"Organization","name":"aktimo.cz","logo":{"@type":"ImageObject","@id":"\/logo.png","url":"\/logo.png","width":600,"height":60}},"image":{"@type":"ImageObject","@id":"https:\/\/www.aktimo.cz\/wp-content\/uploads\/img_a334707_w2816_t1548305268.jpg","url":"https:\/\/www.aktimo.cz\/wp-content\/uploads\/img_a334707_w2816_t1548305268.jpg","height":0,"width":0},"url":"https:\/\/www.aktimo.cz\/muz-v-typicky-zenske-profesi\/","wordCount":404,"articleBody":"\u0158ada mu\u017e\u016f v sou\u010dasn\u00e9 dob\u011b nach\u00e1z\u00ed uplatn\u011bn\u00ed v profes\u00edch, kter\u00e9 v dob\u011b p\u0159ed t\u0159iceti lety byly ur\u010deny pouze \u017een\u00e1m. Pokud p\u0159ece jen uchaze\u010d m\u00edsto v\u00fdjime\u010dn\u011b dostal, \u010dasto musel \u010delit posm\u011bchu ze strany nejenom mu\u017esk\u00e9ho, ale i \u017eensk\u00e9ho okol\u00ed. Nab\u00edz\u00ed se jmenovat profese kade\u0159n\u00edka, kv\u011btin\u00e1\u0159e, d\u0159\u00edve to byli i cukr\u00e1\u0159i, nebo krej\u010d\u00ed, kte\u0159\u00ed ve sv\u00e9m okol\u00ed nikdy nebyli pova\u017eov\u00e1ni za dostate\u010dn\u00e9 chlapy\u2026Dnes u\u017e na\u0161t\u011bst\u00ed t\u011bmto p\u0159edsudk\u016fm odzvonilo a nutno \u0159\u00edci, \u017ee pr\u00e1v\u011b z t\u011bchto v\u00fd\u0161e jmenovan\u00fdch profes\u00ed vze\u0161li mu\u017ei, kte\u0159\u00ed sv\u00e9 \u201e\u017eensk\u00e9 profesi\u201c d\u011blaj\u00ed skute\u010dn\u011b \u010dest!Nam\u00e1tkou jmenujme nap\u0159\u00edklad zn\u00e1m\u00e9 \u010desk\u00e9ho floristu Jarom\u00edra Koke\u0161e, kter\u00fd se pravideln\u011b umis\u0165uje na p\u0159edn\u00edch p\u0159\u00ed\u010dk\u00e1ch floristick\u00fdch sout\u011b\u017e\u00ed, \u010di jeho kolega, Sl\u00e1vek Rabu\u0161ic, zab\u00fdvaj\u00edc\u00ed se kv\u011btinov\u00fdm aran\u017em\u00e1 v historick\u00fdch objektech. Stejn\u011b skv\u011ble si vedou i na\u0161i m\u00f3dn\u00ed n\u00e1vrh\u00e1\u0159i v \u010dele se zn\u00e1m\u00fdm Osmany Laffitou a \u0159ada skv\u011bl\u00fdch kade\u0159n\u00edk\u016f a viz\u00e1\u017eist\u016f, jejich\u017e slu\u017eby vyu\u017e\u00edvaj\u00ed nejenom zn\u00e1m\u00e9 osobnosti, ale i \u0161irok\u00e1 ve\u0159ejnost. Mnoho mu\u017e\u016f se osv\u011bd\u010dilo jako zam\u011bstnanci \u00faklidov\u00fdch firem, \u010di v prodejn\u00e1ch s parfum\u00e9ri\u00ed, nebo svatebn\u00edch agentur\u00e1ch\u2026Dal\u0161\u00ed, u\u017e trochu \u201eoby\u010dejn\u011bj\u0161\u00ed\u201c, ale o to v\u00edce firmami \u017e\u00e1dan\u011bj\u0161\u00ed \u017eensk\u00e1 povol\u00e1n\u00ed, kter\u00e1 vykon\u00e1vaj\u00ed mu\u017ei, jsou posty zdravotn\u00edch asistent\u016f, nebo bratr\u016f. V\u011bt\u0161ina rodi\u010d\u016f by jist\u011b s nad\u0161en\u00edm uv\u00edtala, kdyby se o jejich ratolest v mate\u0159sk\u00e9 \u0161kolce staral mu\u017e. Pr\u00e1v\u011b v t\u011bchto za\u0159\u00edzen\u00edch mu\u017esk\u00fd element pon\u011bkud chyb\u00ed.Tyto b\u00edl\u00e9 vr\u00e1ny se zat\u00edm v \u010cesk\u00e9 republice objevuj\u00ed jen v po\u010dtu pouh\u00fdch dvou procent. D\u016fvodem je samoz\u0159ejm\u011b \u0161patn\u00e9 finan\u010dn\u00ed ohodnocen\u00ed. To ostatn\u011b plat\u00ed nejenom ve sf\u00e9\u0159e \u0161kolstv\u00ed, ale i v\u00fd\u0161e zmi\u0148ovan\u00e9ho zdravotnictv\u00ed. Dalo by se tedy s nads\u00e1zkou konstatovat, \u017ee mnoho mu\u017e\u016f vykon\u00e1vaj\u00edc\u00ed \u017eensk\u00e9 profese, berou toto povol\u00e1n\u00ed sp\u00ed\u0161e jako svoje posl\u00e1n\u00ed, i za cenu finan\u010dn\u00edho podhodnocen\u00ed.Mu\u017ei si prost\u011b v \u017eensk\u00e9 profesi vedou bravurn\u011b \u2013 o tom nen\u00ed sporu! \u00a0\u00a0\u00a0\u00a0\u00a0\u00a0                                                                                                                                                                                                                                                                                                                                                                                         4\/5 - (6 votes)        "},{"@context":"https:\/\/schema.org\/","@type":"BreadcrumbList","itemListElement":[{"@type":"ListItem","position":1,"name":"Mu\u017e v typicky \u017eensk\u00e9 profesi","item":"https:\/\/www.aktimo.cz\/muz-v-typicky-zenske-profesi\/#breadcrumbitem"}]}]