[{"@context":"https:\/\/schema.org\/","@type":"Article","@id":"https:\/\/www.aktimo.cz\/na-prichod-jara-nemusite-cekat-az-do-velikonoc\/#Article","mainEntityOfPage":"https:\/\/www.aktimo.cz\/na-prichod-jara-nemusite-cekat-az-do-velikonoc\/","headline":"Na p\u0159\u00edchod jara nemus\u00edte \u010dekat a\u017e do Velikonoc","name":"Na p\u0159\u00edchod jara nemus\u00edte \u010dekat a\u017e do Velikonoc","description":"Tak\u00e9 u\u017e se t\u011b\u0161\u00edte na jaro? U\u017e se nem\u016f\u017eete do\u010dkat, a\u017e ta dlouh\u00e1 zima skon\u010d\u00ed a slunce bude v\u00edc a v\u00edc h\u0159\u00e1t poko\u017eku? Takov\u00fdch lid\u00ed, jako vy, je cel\u00e1 \u0159ada, a n\u011bkte\u0159\u00ed z nich si to jaro dom\u016f p\u0159inesou tak trochu v p\u0159edstihu. Nemus\u00edte \u010dekat na Velikonoce Prvn\u00edm sv\u00e1tkem, kter\u00fd v kalend\u00e1\u0159i naleznete po V\u00e1noc\u00edch a Nov\u00e9m roku, jsou Velikonoce. &hellip; ","datePublished":"2022-11-29","dateModified":"2023-05-03","author":{"@type":"Person","@id":"https:\/\/www.aktimo.cz\/author\/#Person","name":"","url":"https:\/\/www.aktimo.cz\/author\/","identifier":1,"image":{"@type":"ImageObject","@id":"https:\/\/secure.gravatar.com\/avatar\/b682f75cb96d085fca5fbc8ca3f08e323444e236f6e6028585b73de81c46f711?s=96&d=mm&r=g","url":"https:\/\/secure.gravatar.com\/avatar\/b682f75cb96d085fca5fbc8ca3f08e323444e236f6e6028585b73de81c46f711?s=96&d=mm&r=g","height":96,"width":96}},"publisher":{"@type":"Organization","name":"aktimo.cz","logo":{"@type":"ImageObject","@id":"\/logo.png","url":"\/logo.png","width":600,"height":60}},"image":{"@type":"ImageObject","@id":"https:\/\/www.aktimo.cz\/wp-content\/uploads\/storks-ge1251d012_640.jpg","url":"https:\/\/www.aktimo.cz\/wp-content\/uploads\/storks-ge1251d012_640.jpg","height":0,"width":0},"url":"https:\/\/www.aktimo.cz\/na-prichod-jara-nemusite-cekat-az-do-velikonoc\/","about":["Zbo\u017e\u00ed"],"wordCount":431,"articleBody":"          Tak\u00e9 u\u017e se t\u011b\u0161\u00edte na jaro? U\u017e se nem\u016f\u017eete do\u010dkat, a\u017e ta dlouh\u00e1 zima skon\u010d\u00ed a slunce bude v\u00edc a v\u00edc h\u0159\u00e1t poko\u017eku? Takov\u00fdch lid\u00ed, jako vy, je cel\u00e1 \u0159ada, a n\u011bkte\u0159\u00ed z nich si to jaro dom\u016f p\u0159inesou tak trochu v p\u0159edstihu. Nemus\u00edte \u010dekat na Velikonoce  Prvn\u00edm sv\u00e1tkem, kter\u00fd v kalend\u00e1\u0159i naleznete po V\u00e1noc\u00edch a Nov\u00e9m roku, jsou Velikonoce. Ty jsou spojov\u00e1ny s p\u0159\u00edchodem jara, i kdy\u017e samoz\u0159ejm\u011b z\u00e1le\u017e\u00ed na konkr\u00e9tn\u00edm term\u00ednu dle kalend\u00e1\u0159e. Nemus\u00edte v\u0161ak \u010dekat na p\u0159\u00edchod Velikonoc, m\u016f\u017eete si jarn\u00ed atmosf\u00e9ru vytvo\u0159it doma v p\u0159edstihu. Zejm\u00e9na se to t\u00fdk\u00e1 jarn\u00ed v\u00fdzdoby.  V prvn\u00ed \u0159ad\u011b se pus\u0165te do jarn\u00edho \u00faklidu, pe\u010dliv\u011b ut\u0159ete v\u0161ude prach a ud\u011blejte si po\u0159\u00e1dek ve va\u0161ich v\u011bcech, vyt\u0159i\u010fte je a odlo\u017ete v\u0161e nepot\u0159ebn\u00e9, abyste se toho mohli n\u00e1sledn\u011b zbavit. Mo\u017en\u00e1 se vyplat\u00ed nechat vy\u010distit koberce a zapomenout byste nem\u011bli ani na myt\u00ed oken. Teprve v \u010dist\u00e9m, \u00fatuln\u00e9m a p\u0159ehledn\u00e9m p\u0159\u00edbytku m\u016f\u017eete za\u010d\u00edt s pl\u00e1nov\u00e1n\u00edm pat\u0159i\u010dn\u00fdch ozdobn\u00fdch prvk\u016f.  Okenn\u00ed parapety, z\u00e1v\u011bsy, z\u00e1clony, garn\u00fd\u017ee a rolety \u2013 to v\u0161e m\u016f\u017eete za\u010d\u00edt p\u0159izp\u016fsobovat veselej\u0161\u00edm motiv\u016fm. M\u016f\u017eete prost\u0159ed\u00ed vyzdobit stuhami a girlandami, z\u00e1v\u011bsn\u00fdmi LED \u0159et\u011bzy a r\u016fzn\u00fdmi prout\u011bn\u00fdmi dekoracemi. Sv\u00e1te\u010dn\u00ed st\u016fl \u2013 prout\u011bn\u00e9 dekorace se b\u00e1je\u010dn\u011b hod\u00ed i na sv\u00e1te\u010dn\u00ed st\u016fl, nejl\u00e9pe na b\u00edl\u00e9 ubrusy, kde struktura d\u0159eva a prout\u00ed kr\u00e1sn\u011b vynikne. Spolu s t\u00edm tu m\u016f\u017eete za\u010d\u00edt pokl\u00e1dat dal\u0161\u00ed v\u00fdzdobu, nap\u0159. figurky zv\u00ed\u0159\u00e1tek, mechov\u00e9 koule a k\u0159epel\u010d\u00ed vaj\u00ed\u010dka um\u00edst\u011bn\u00e1 na prout\u011bn\u00e9 o\u0161atce nebo v\u011bne\u010dku. \u017div\u00e9 rostliny \u2013 s jarem se venku za\u010d\u00edn\u00e1 v\u0161e zelenat a vy byste mohli toto ro\u010dn\u00ed obdob\u00ed p\u0159iv\u00edtat nov\u00fdmi pokojov\u00fdmi rostlinami, kter\u00e9 bu\u010f zakoup\u00edte, anebo vyjednot\u00edte p\u0159i p\u0159esazov\u00e1n\u00ed st\u00e1vaj\u00edc\u00edch exempl\u00e1\u0159\u016f. Mo\u017en\u00e1 to bude cht\u00edt vytvo\u0159it novou poli\u010dku na ze\u010f, kam um\u00edst\u00edte nap\u0159. pnouc\u00ed b\u0159e\u010d\u0165an \u010di hn\u011bdovku, anebo vd\u011b\u010dn\u00fd zelenec, kter\u00fd se snadno a dob\u0159e mno\u017e\u00ed odd\u011blov\u00e1n\u00edm star\u00fdch trs\u016f.                                                                                                                                                                                                                                                                                                                                                                                          3.9\/5 - (9 votes)        "},{"@context":"https:\/\/schema.org\/","@type":"BreadcrumbList","itemListElement":[{"@type":"ListItem","position":1,"name":"Na p\u0159\u00edchod jara nemus\u00edte \u010dekat a\u017e do Velikonoc","item":"https:\/\/www.aktimo.cz\/na-prichod-jara-nemusite-cekat-az-do-velikonoc\/#breadcrumbitem"}]}]