[{"@context":"https:\/\/schema.org\/","@type":"Article","@id":"https:\/\/www.aktimo.cz\/online-kancelar\/#Article","mainEntityOfPage":"https:\/\/www.aktimo.cz\/online-kancelar\/","headline":"Online kancel\u00e1\u0159","name":"Online kancel\u00e1\u0159","description":"V\u017edycky jsem cht\u011bla pracovat ve firm\u011b, kde je skv\u011bl\u00e1 atmosf\u00e9ra, proto\u017ee nen\u00ed nic lep\u0161\u00edho, ne\u017e kdy\u017e m\u00e1te prima pr\u00e1ci a skv\u011bl\u00e9 spolupracovn\u00edky. Pamatuji si na ty doby, kdy jsem m\u011bla brig\u00e1du v bance u n\u00e1s ve m\u011bst\u011b v Ostrav\u011b. A ze za\u010d\u00e1tku to bylo opravdu perfektn\u00ed, jen\u017ee postupem \u010dasu se mi tam p\u0159est\u00e1valo l\u00edbit. Vadilo mi, \u017ee se tam v\u0161echny &hellip; ","datePublished":"2022-10-15","dateModified":"2023-05-18","author":{"@type":"Person","@id":"https:\/\/www.aktimo.cz\/author\/#Person","name":"","url":"https:\/\/www.aktimo.cz\/author\/","identifier":1,"image":{"@type":"ImageObject","@id":"https:\/\/secure.gravatar.com\/avatar\/b682f75cb96d085fca5fbc8ca3f08e323444e236f6e6028585b73de81c46f711?s=96&d=mm&r=g","url":"https:\/\/secure.gravatar.com\/avatar\/b682f75cb96d085fca5fbc8ca3f08e323444e236f6e6028585b73de81c46f711?s=96&d=mm&r=g","height":96,"width":96}},"publisher":{"@type":"Organization","name":"aktimo.cz","logo":{"@type":"ImageObject","@id":"\/logo.png","url":"\/logo.png","width":600,"height":60}},"image":{"@type":"ImageObject","@id":"https:\/\/www.aktimo.cz\/wp-content\/uploads\/startup-594090_960_720.jpg","url":"https:\/\/www.aktimo.cz\/wp-content\/uploads\/startup-594090_960_720.jpg","height":0,"width":0},"url":"https:\/\/www.aktimo.cz\/online-kancelar\/","about":["Byznys"],"wordCount":427,"articleBody":"         V\u017edycky jsem cht\u011bla pracovat ve firm\u011b, kde je skv\u011bl\u00e1 atmosf\u00e9ra, proto\u017ee nen\u00ed nic lep\u0161\u00edho, ne\u017e kdy\u017e m\u00e1te prima pr\u00e1ci a skv\u011bl\u00e9 spolupracovn\u00edky. Pamatuji si na ty doby, kdy jsem m\u011bla brig\u00e1du v bance u n\u00e1s ve m\u011bst\u011b v Ostrav\u011b. A ze za\u010d\u00e1tku to bylo opravdu perfektn\u00ed, jen\u017ee postupem \u010dasu se mi tam p\u0159est\u00e1valo l\u00edbit. Vadilo mi, \u017ee se tam v\u0161echny m\u00e9 kolegyn\u011b bav\u00ed pouze sami se sebou a se mnou se v\u016fbec nikdo necht\u011bl bavit. Nejhor\u0161\u00ed na tom bylo, \u017ee jsem se styd\u011bla, proto\u017ee byla jsem hodn\u011b uzav\u0159en\u00e1 do sebe, tak\u017ee jsem se ani necht\u011bla sama od sebe zapojovat.Tak jsem si \u0159ekla, \u017ee rad\u011bji, ne\u017e abych byla tady v t\u00e9to pr\u00e1ci ne\u0161\u0165astn\u00e1, tak odejdu ze zam\u011bstn\u00e1n\u00ed. A na\u0161la jsem pr\u00e1ci jinde. Byla jsem r\u00e1da, \u017ee jsem na\u0161la v Ostrav\u011b opravdu skv\u011blou pr\u00e1ci. Zjistila jsem, \u017ee s\u00eddlo firmy v Ostrav\u011b je akor\u00e1t ide\u00e1ln\u00ed pro m\u011b. Zjistila jsem taky, \u017ee podle m\u011b opravdu skv\u011bl\u00e1 atmosf\u00e9ra a m\u00edsto tam se mi hodn\u011b l\u00edbilo. Kancel\u00e1\u015929, to je zna\u010dka t\u00e9 spole\u010dnosti, kter\u00e1 je sou\u010d\u00e1st\u00ed skupiny, kter\u00e1 d\u011bl\u00e1 virtu\u00e1ln\u00ed kancel\u00e1\u0159e v \u010cesku a v Polsku. Moment\u00e1ln\u011b jsou v dev\u00edti m\u011bstech.Jako nap\u0159\u00edklad t\u0159eba Vratislav anebo Var\u0161ava a jsou taky v \u010cesk\u00e9 republice jako nap\u0159\u00edklad v Ostrav\u011b. Mn\u011b se tohle l\u00edb\u00ed, proto\u017ee virtu\u00e1ln\u00ed kancel\u00e1\u0159e jsem si velmi obl\u00edbila. Kdy jsem se o tom nedozv\u011bd\u011bla, tak jsem se rozhodla, \u017ee pracovat tam budu ur\u010dit\u011b. Podle m\u00e9ho n\u00e1zoru je to skv\u011bl\u00e9, proto\u017ee to nen\u00ed tak n\u00e1ro\u010dn\u00e9, jak se zd\u00e1. Podnik\u00e1n\u00ed tady zah\u00e1jili v z\u00e1\u0159\u00ed v roce 2011 a b\u011bhem t\u00e9to doby z\u00edskali skoro sedm a p\u016fl tis\u00edce z\u00e1kazn\u00edk\u016f, kte\u0159\u00ed jsou samoz\u0159ejm\u011b spokojeni. A z\u00e1le\u017e\u00ed pouze na v\u00e1s, jak se k t\u00e9to firm\u011b postav\u00edte, proto\u017ee taky uva\u017eujte nad t\u00edm, \u017ee d\u00edky t\u011bmto slu\u017eb\u00e1m nemus\u00edte platit n\u00e1jemn\u00e9 za fyzickou kancel\u00e1\u0159. Tak co, zal\u00edbilo se v\u00e1m s\u00eddlo firmy v Ostrav\u011b?, kter\u00e1 je jist\u011b pro v\u00e1s ide\u00e1ln\u00ed? V\u017edy\u0165 takhle taky u\u0161et\u0159\u00edte hodn\u011b pen\u011bz, tak se nebojte a zkuste si domluvit online sch\u016fzku.                                                                                                                                                                                                                                                                                                                                                                                           4.3\/5 - (7 votes)        "},{"@context":"https:\/\/schema.org\/","@type":"BreadcrumbList","itemListElement":[{"@type":"ListItem","position":1,"name":"Online kancel\u00e1\u0159","item":"https:\/\/www.aktimo.cz\/online-kancelar\/#breadcrumbitem"}]}]