[{"@context":"https:\/\/schema.org\/","@type":"Article","@id":"https:\/\/www.aktimo.cz\/ozivte-sve-soucasne-bydleni\/#Article","mainEntityOfPage":"https:\/\/www.aktimo.cz\/ozivte-sve-soucasne-bydleni\/","headline":"O\u017eivte sv\u00e9 sou\u010dasn\u00e9 bydlen\u00ed","name":"O\u017eivte sv\u00e9 sou\u010dasn\u00e9 bydlen\u00ed","description":"Pot\u0159ebuj\u00ed Va\u0161e podlahy po\u0159\u00e1dn\u011b vydrhnout? I kdy\u017e se je sna\u017e\u00edte pravideln\u011b vys\u00e1vat a \u010distit, vlastn\u00edmi silami je nezvl\u00e1dnete dostat do p\u016fvodn\u00edho stavu? My V\u00e1m nab\u00edz\u00edme \u010di\u0161t\u011bn\u00ed koberc\u016f Praha, kter\u00e9 je prov\u00e1d\u011bn\u00e9 mokr\u00fdm zp\u016fsobem a hlavn\u011b hloubkov\u011b a ve dvou kroc\u00edch. Na\u0161i zam\u011bstnanci pou\u017e\u00edvaj\u00ed ty nejlep\u0161\u00ed technologick\u00e9 pom\u016fcky zna\u010dky K\u00c4RCHER. Nev\u00e1hejte a objednejte si na\u0161e slu\u017eby Nechte sv\u00e9 povrchy zrenovovat! D\u00edky &hellip; ","datePublished":"2024-11-18","dateModified":"2024-11-18","author":{"@type":"Person","@id":"https:\/\/www.aktimo.cz\/author\/#Person","name":"","url":"https:\/\/www.aktimo.cz\/author\/","identifier":1,"image":{"@type":"ImageObject","@id":"https:\/\/secure.gravatar.com\/avatar\/b682f75cb96d085fca5fbc8ca3f08e323444e236f6e6028585b73de81c46f711?s=96&d=mm&r=g","url":"https:\/\/secure.gravatar.com\/avatar\/b682f75cb96d085fca5fbc8ca3f08e323444e236f6e6028585b73de81c46f711?s=96&d=mm&r=g","height":96,"width":96}},"publisher":{"@type":"Organization","name":"aktimo.cz","logo":{"@type":"ImageObject","@id":"\/logo.png","url":"\/logo.png","width":600,"height":60}},"url":"https:\/\/www.aktimo.cz\/ozivte-sve-soucasne-bydleni\/","wordCount":164,"articleBody":"Pot\u0159ebuj\u00ed Va\u0161e podlahy po\u0159\u00e1dn\u011b vydrhnout? I kdy\u017e se je sna\u017e\u00edte pravideln\u011b vys\u00e1vat a \u010distit, vlastn\u00edmi silami je nezvl\u00e1dnete dostat do p\u016fvodn\u00edho stavu? My V\u00e1m nab\u00edz\u00edme \u010di\u0161t\u011bn\u00ed koberc\u016f Praha, kter\u00e9 je prov\u00e1d\u011bn\u00e9 mokr\u00fdm zp\u016fsobem a hlavn\u011b hloubkov\u011b a ve dvou kroc\u00edch. Na\u0161i zam\u011bstnanci pou\u017e\u00edvaj\u00ed ty nejlep\u0161\u00ed technologick\u00e9 pom\u016fcky zna\u010dky K\u00c4RCHER.Nev\u00e1hejte a objednejte si na\u0161e slu\u017ebyNechte sv\u00e9 povrchy zrenovovat! D\u00edky n\u00e1m to bude opravdu snadn\u00e9! Nemus\u00edte kupovat nov\u00fd n\u00e1bytek, kdy\u017e V\u00e1m p\u0159ipad\u00e1, \u017ee ten V\u00e1\u0161 je zastaral\u00fd, poni\u010den\u00fd a nevypad\u00e1 jako, kdy\u017e jste si jej p\u0159ivezli z obchodu. Objednejte si na\u0161e slu\u017eby! D\u00edky kvalitn\u00edm \u010distic\u00edm prost\u0159edk\u016fm vyt\u00e1hneme p\u016fvodn\u00ed barvi\u010dky z Va\u0161ich potahov\u00fdch l\u00e1tek a koberc\u016f, a to v\u0161e za senza\u010dn\u011b n\u00edzkou cenu!                                                                                                                                                                                                                                                                                                                                                                                                "},{"@context":"https:\/\/schema.org\/","@type":"BreadcrumbList","itemListElement":[{"@type":"ListItem","position":1,"name":"O\u017eivte sv\u00e9 sou\u010dasn\u00e9 bydlen\u00ed","item":"https:\/\/www.aktimo.cz\/ozivte-sve-soucasne-bydleni\/#breadcrumbitem"}]}]