[{"@context":"https:\/\/schema.org\/","@type":"Article","@id":"https:\/\/www.aktimo.cz\/ucetnictvi-nemusi-byt-problem\/#Article","mainEntityOfPage":"https:\/\/www.aktimo.cz\/ucetnictvi-nemusi-byt-problem\/","headline":"\u00da\u010detnictv\u00ed nemus\u00ed b\u00fdt probl\u00e9m","name":"\u00da\u010detnictv\u00ed nemus\u00ed b\u00fdt probl\u00e9m","description":"Ka\u017ed\u00fd podnikatel d\u011bl\u00e1 to, co um\u00ed, a pokud mo\u017eno to, co um\u00ed nejl\u00e9pe. Je to pochopiteln\u00e9, proto\u017ee v tom m\u016f\u017ee pod\u00e1vat ty nejlep\u0161\u00ed v\u00fdkony https:\/\/www.podnikatel.cz\/zakony\/zakon-373-2011-o-specifickych-zdravotnich-sluzbach\/f4438756\/ a m\u00e1 jistotu nebo aspo\u0148 zna\u010dnou pravd\u011bpodobnost, \u017ee se u\u017eiv\u00ed. Jen\u017ee ve v\u011bt\u0161in\u011b p\u0159\u00edpad\u016f d\u011blaj\u00ed podnikatel\u00e9 v r\u00e1mci sv\u00e9ho byznysu i to, co jim zrovna moc nejde nebo v \u010dem jsou dokonce t\u0159eba i \u00fapln\u011b &hellip; ","datePublished":"2022-09-18","dateModified":"2023-05-03","author":{"@type":"Person","@id":"https:\/\/www.aktimo.cz\/author\/#Person","name":"","url":"https:\/\/www.aktimo.cz\/author\/","identifier":1,"image":{"@type":"ImageObject","@id":"https:\/\/secure.gravatar.com\/avatar\/b682f75cb96d085fca5fbc8ca3f08e323444e236f6e6028585b73de81c46f711?s=96&d=mm&r=g","url":"https:\/\/secure.gravatar.com\/avatar\/b682f75cb96d085fca5fbc8ca3f08e323444e236f6e6028585b73de81c46f711?s=96&d=mm&r=g","height":96,"width":96}},"publisher":{"@type":"Organization","name":"aktimo.cz","logo":{"@type":"ImageObject","@id":"\/logo.png","url":"\/logo.png","width":600,"height":60}},"image":{"@type":"ImageObject","@id":"https:\/\/www.aktimo.cz\/wp-content\/uploads\/stoj%C3%ADc%C3%AD%20pen%C4%9B%C5%BEenka_1.jpg","url":"https:\/\/www.aktimo.cz\/wp-content\/uploads\/stoj%C3%ADc%C3%AD%20pen%C4%9B%C5%BEenka_1.jpg","height":0,"width":0},"url":"https:\/\/www.aktimo.cz\/ucetnictvi-nemusi-byt-problem\/","about":["Byznys"],"wordCount":425,"articleBody":"   Ka\u017ed\u00fd podnikatel d\u011bl\u00e1 to, co um\u00ed, a pokud mo\u017eno to, co um\u00ed nejl\u00e9pe. Je to pochopiteln\u00e9, proto\u017ee v tom m\u016f\u017ee pod\u00e1vat ty nejlep\u0161\u00ed v\u00fdkony  https:\/\/www.podnikatel.cz\/zakony\/zakon-373-2011-o-specifickych-zdravotnich-sluzbach\/f4438756\/ a m\u00e1 jistotu nebo aspo\u0148 zna\u010dnou pravd\u011bpodobnost, \u017ee se u\u017eiv\u00ed. Jen\u017ee ve v\u011bt\u0161in\u011b p\u0159\u00edpad\u016f d\u011blaj\u00ed podnikatel\u00e9 v r\u00e1mci sv\u00e9ho byznysu i to, co jim zrovna moc nejde nebo v \u010dem jsou dokonce t\u0159eba i \u00fapln\u011b ztracen\u00ed. Pokud toti\u017e nejsou zrovna soukrom\u00fdmi \u00fa\u010detn\u00edmi, d\u011bl\u00e1 jim \u00fa\u010detnictv\u00ed zpravidla tu men\u0161\u00ed a tu v\u011bt\u0161\u00ed starosti.Vyznat se dnes v \u00fa\u010detnictv\u00ed nen\u00ed v\u016fbec \u017e\u00e1dn\u00e1 legrace. Toto je hodn\u011b komplikovan\u00e9 a \u010dlov\u011bk, kter\u00fd ho nevystudoval a permanentn\u011b se mu nev\u011bnuje, se s t\u00edm \u010dasto skute\u010dn\u011b jen t\u011b\u017eko pot\u00fdk\u00e1. Jen\u017ee pr\u00e1v\u011b podnikatel\u00e9 se s t\u00edm n\u011bjak vypo\u0159\u00e1dat mus\u00ed. Proto\u017ee ti si svou \u010dinnost\u00ed nejen vyd\u011bl\u00e1vaj\u00ed na sebe a firmu, ale tak\u00e9 mus\u00ed ze sv\u00fdch p\u0159\u00edjm\u016f odv\u00e1d\u011bt des\u00e1tek tu tomu a tu onomu. Plat\u00ed se tu dan\u011b a dal\u0161\u00ed odvody st\u00e1tu, plat\u00ed se tu zdravotn\u00ed poji\u0161t\u011bn\u00ed, plat\u00ed se tu\u2026 Zkr\u00e1tka a dob\u0159e je faktem, \u017ee a\u0165 si podnikatel\u00e9 vyd\u011blaj\u00ed cokoliv, mus\u00ed z toho odevzdat kdekomu p\u0159\u00edslu\u0161n\u00fd d\u00edl. A st\u00e1t a dal\u0161\u00ed, kdo se na podnikatel\u00edch p\u0159i\u017eivuj\u00ed, se pochopiteln\u011b nem\u00edn\u00ed nechat vz\u00edt na h\u016fl. Tak\u017ee kdyby to podnikatel \u0161patn\u011b spo\u010d\u00edtal ve sv\u016fj prosp\u011bch, odsk\u00e1kal by si to.Chyby v \u00fa\u010detnictv\u00ed tedy rozhodn\u011b nejsou \u017e\u00e1douc\u00ed. Nikdo by se jich nem\u011bl dopou\u0161t\u011bt. Jen\u017ee kdy\u017e tomu soukromn\u00edk nerozum\u00ed, co s t\u00edm? M\u00e1 nad t\u00edm prosed\u011bt mo\u0159e \u010dasu ve snaze to zvl\u00e1dnout a t\u00edm se p\u0159ipravovat o \u010das na pr\u00e1ci a vyd\u011bl\u00e1v\u00e1n\u00ed? Ne. Daleko lep\u0161\u00ed je nechat sv\u00e9 \u00fa\u010detnictv\u00ed na n\u011bkom jin\u00e9m.Kdy\u017e pot\u0159ebuje \u00fa\u010detnictv\u00ed Praha 6, sta\u010d\u00ed, aby se zde p\u016fsob\u00edc\u00ed podnikatel\u00e9 obr\u00e1tili na odbornou rodinnou firmu, kter\u00e1 se toho r\u00e1da ujme a postar\u00e1 se skute\u010dn\u011b o v\u0161echno. V\u0161echno spr\u00e1vn\u011b spo\u010d\u00edt\u00e1, odvede, co se m\u00e1 odv\u00e9st, zkr\u00e1tka vy\u0159\u00edd\u00ed v\u0161echno to pap\u00edrov\u00e1n\u00ed, kter\u00e9 by jinak zdr\u017eovalo podnikatele od pr\u00e1ce. A potom je teprve radost podnikat, kdy\u017e se \u010dlov\u011bk zbav\u00ed tohoto b\u0159\u00edm\u011b.                                                                                                                                                                                                                                                                                                                                                                                          4.4\/5 - (9 votes)        "},{"@context":"https:\/\/schema.org\/","@type":"BreadcrumbList","itemListElement":[{"@type":"ListItem","position":1,"name":"\u00da\u010detnictv\u00ed nemus\u00ed b\u00fdt probl\u00e9m","item":"https:\/\/www.aktimo.cz\/ucetnictvi-nemusi-byt-problem\/#breadcrumbitem"}]}]