[{"@context":"https:\/\/schema.org\/","@type":"Article","@id":"https:\/\/www.aktimo.cz\/vonavy-pozdrav-jara\/#Article","mainEntityOfPage":"https:\/\/www.aktimo.cz\/vonavy-pozdrav-jara\/","headline":"Vo\u0148av\u00fd pozdrav jara","name":"Vo\u0148av\u00fd pozdrav jara","description":"K\u00a0jaru pat\u0159\u00ed v\u016fn\u011b. Probouzej\u00edc\u00ed se p\u0159\u00edroda h\u00fd\u0159\u00ed mno\u017estv\u00edm kv\u011bt\u016f, kter\u00e9 mezi sebou sout\u011b\u017e\u00ed, jak p\u0159il\u00e1kat co nejv\u00edce hmyz\u00edch opylova\u010d\u016f. Chcete-li m\u00edt na zahrad\u011b odoln\u00fd ke\u0159, kter\u00fd v\u00e1s bude od \u010dasn\u00e9ho p\u0159edja\u0159\u00ed obla\u017eovat lahodnou v\u016fn\u00ed, vyberte si kalinu. Kaliny jsou rozs\u00e1hlou skupinou opadav\u00fdch ke\u0159\u016f s\u00a0nevysok\u00fdmi n\u00e1roky na \u00fadr\u017ebu. Vzp\u0159\u00edmen\u011b rostouc\u00ed ke\u0159e dor\u016fstaj\u00ed 2\u20133 metry, vy\u0161lecht\u011bn\u00e9 kultivary jsou o n\u011bco ni\u017e\u0161\u00ed. Kaliny &hellip; ","datePublished":"2025-03-04","dateModified":"2025-03-04","author":{"@type":"Person","@id":"https:\/\/www.aktimo.cz\/author\/#Person","name":"","url":"https:\/\/www.aktimo.cz\/author\/","identifier":1,"image":{"@type":"ImageObject","@id":"https:\/\/secure.gravatar.com\/avatar\/b682f75cb96d085fca5fbc8ca3f08e323444e236f6e6028585b73de81c46f711?s=96&d=mm&r=g","url":"https:\/\/secure.gravatar.com\/avatar\/b682f75cb96d085fca5fbc8ca3f08e323444e236f6e6028585b73de81c46f711?s=96&d=mm&r=g","height":96,"width":96}},"publisher":{"@type":"Organization","name":"aktimo.cz","logo":{"@type":"ImageObject","@id":"\/logo.png","url":"\/logo.png","width":600,"height":60}},"image":{"@type":"ImageObject","@id":"https:\/\/www.aktimo.cz\/wp-content\/uploads\/img_a344413_w2967_t1558252802.jpg","url":"https:\/\/www.aktimo.cz\/wp-content\/uploads\/img_a344413_w2967_t1558252802.jpg","height":0,"width":0},"url":"https:\/\/www.aktimo.cz\/vonavy-pozdrav-jara\/","wordCount":444,"articleBody":"K\u00a0jaru pat\u0159\u00ed v\u016fn\u011b. Probouzej\u00edc\u00ed se p\u0159\u00edroda h\u00fd\u0159\u00ed mno\u017estv\u00edm kv\u011bt\u016f, kter\u00e9 mezi sebou sout\u011b\u017e\u00ed, jak p\u0159il\u00e1kat co nejv\u00edce hmyz\u00edch opylova\u010d\u016f. Chcete-li m\u00edt na zahrad\u011b odoln\u00fd ke\u0159, kter\u00fd v\u00e1s bude od \u010dasn\u00e9ho p\u0159edja\u0159\u00ed obla\u017eovat lahodnou v\u016fn\u00ed, vyberte si kalinu.\tKaliny jsou rozs\u00e1hlou skupinou opadav\u00fdch ke\u0159\u016f s\u00a0nevysok\u00fdmi n\u00e1roky na \u00fadr\u017ebu. Vzp\u0159\u00edmen\u011b rostouc\u00ed ke\u0159e dor\u016fstaj\u00ed 2\u20133 metry, vy\u0161lecht\u011bn\u00e9 kultivary jsou o n\u011bco ni\u017e\u0161\u00ed. Kaliny pat\u0159\u00ed k\u00a0nevelk\u00e9mu po\u010dtu d\u0159evin, kter\u00e9 ozdob\u00ed va\u0161i zahradu kv\u011bty u\u017e v\u00a0zim\u011b. N\u011b\u017en\u00e9 laty b\u00edl\u00fdch nebo nar\u016f\u017eov\u011bl\u00fdch kv\u011bt\u016f, k\u00a0jejich\u017e p\u0159ednostem pat\u0159\u00ed otu\u017eilost a intenz\u00edvn\u00ed v\u016fn\u011b, dok\u00e1\u017e\u00ed kv\u00e9st b\u011bhem cel\u00e9ho zimn\u00edho obdob\u00ed. Ani mr\u00e1z nezni\u010d\u00ed jejich k\u0159ehkou n\u00e1dheru. Vysazujte je v\u00a0bl\u00edzkosti domu, abyste se z kvetouc\u00ed a vo\u0148av\u00e9 kr\u00e1sy mohli t\u011b\u0161it celou zimu.\tKalina bodnansk\u00e1 kvete od \u0159\u00edjna do b\u0159ezna s\u00a0p\u0159est\u00e1vkami v\u00a0dob\u011b nejv\u011bt\u0161\u00edch mraz\u016f. Tento k\u0159\u00ed\u017eenec kaliny vonn\u00e9 s\u00a0kalinou velkokv\u011btou m\u016f\u017ee b\u00fdt n\u00e1chyln\u00fd k\u00a0namrz\u00e1n\u00ed, zvolte pro n\u011bj chr\u00e1n\u011bn\u00e9 stanovi\u0161t\u011b.\tKalina vonn\u00e1 dostala sv\u016fj n\u00e1zev pr\u00e1v\u011b podle sladce v\u00e1biv\u00e9 v\u016fn\u011b aromatick\u00fdch kv\u00edtk\u016f uspo\u0159\u00e1dan\u00fdch v\u00a0\u0159\u00eddk\u00fdch lat\u00e1ch, kter\u00e9 se objevuj\u00ed na bezlist\u00fdch v\u011bt\u00e9vk\u00e1ch v b\u0159eznu a\u017e dubnu, za m\u00edrn\u00fdch zim u\u017e v\u00a0listopadu nebo v\u00a0prosinci. Oba druhy kalin dob\u0159e vypadaj\u00ed na tmav\u0161\u00edm pozad\u00ed st\u00e1lezelen\u00fdch rostlin.\tJedna z\u00a0nejkr\u00e1sn\u011bj\u0161\u00edch kalin, kalina Carlesiova, rozkv\u00e9t\u00e1 v dubnu a\u017e kv\u011btnu. Tato okrasn\u00e1 d\u0159evina dosahuje v\u00fd\u0161ky 1,5 m a zkr\u00e1\u0161l\u00ed va\u0161i zahradu omamn\u011b von\u00edc\u00edmi r\u016f\u017eov\u00fdmi kv\u011bty.\t\tKalina Burkwoodova, k\u0159\u00ed\u017eenec kaliny Carlesiovy s\u00a0kalinou u\u017eite\u010dnou, vykv\u00e9t\u00e1 siln\u011b vonn\u00fdmi kv\u011bty v dubnu a\u017e kv\u011btnu. N\u011bkdy si kveten\u00ed zopakuje znovu na podzim. Podzimn\u00ed zbarven\u00ed list\u016f dopln\u00ed zahradu o \u010derven\u00e9 a purpurov\u00e9 t\u00f3ny.\tP\u011bstov\u00e1n\u00ed kalin nen\u00ed nijak slo\u017eit\u00e9. Vy\u017eaduj\u00ed m\u00edrn\u011b kyselou \u017eivnou p\u016fdu a z\u00e1livku v prvn\u00edch m\u011bs\u00edc\u00edch po v\u00fdsadb\u011b, jinak jsou bezprobl\u00e9mov\u00e9. Kalina vonn\u00e1 d\u00e1v\u00e1 p\u0159ednost vlh\u010d\u00edmu stanovi\u0161ti, ostatn\u00ed druhy nejsou na vl\u00e1hu p\u0159\u00edli\u0161 n\u00e1ro\u010dn\u00e9. V zahrad\u011b optim\u00e1ln\u011b prosp\u00edvaj\u00ed na slunci, ale snesou i\u00a0polostinn\u00e9 stanovi\u0161t\u011b. Nejl\u00e9pe vyniknou jako solit\u00e9ry nebo v\u00a0men\u0161\u00ed \u0159\u00eddk\u00e9 skupince.\t\u00a0                                                                                                                                                                                                                                                                                                                                                                                        4.1\/5 - (10 votes)        "},{"@context":"https:\/\/schema.org\/","@type":"BreadcrumbList","itemListElement":[{"@type":"ListItem","position":1,"name":"Vo\u0148av\u00fd pozdrav jara","item":"https:\/\/www.aktimo.cz\/vonavy-pozdrav-jara\/#breadcrumbitem"}]}]