[{"@context":"https:\/\/schema.org\/","@type":"Article","@id":"https:\/\/www.aktimo.cz\/zahradni-nabytek\/#Article","mainEntityOfPage":"https:\/\/www.aktimo.cz\/zahradni-nabytek\/","headline":"Zahradn\u00ed n\u00e1bytek","name":"Zahradn\u00ed n\u00e1bytek","description":"Tak\u00e9 jste n\u011bkdy p\u0159em\u00fd\u0161leli, \u017ee byste si po\u0159\u00eddili n\u011bjak\u00fd d\u016fm se zahradou, abyste na zahrad\u011b tak\u00e9 mohli grilovat anebo op\u00e9kat bu\u0159ty? Tohle byl v\u017edycky m\u016fj sen, ale nakonec to v\u017edycky dopadlo a skon\u010dilo v\u0161elijak\u00fdm fiaskem. Nikdy mi neschv\u00e1lili hypot\u00e9ku, nem\u011bla jsem ani na\u0161et\u0159en\u00e9 pen\u00edze bokem, abych t\u0159eba si ji mohla tak\u00e9 po\u0159\u00eddit zahradu. Nebo alespo\u0148 chatu se zahradou. Tak\u00e9 jsem &hellip; ","datePublished":"2024-01-31","dateModified":"2024-01-31","author":{"@type":"Person","@id":"https:\/\/www.aktimo.cz\/author\/#Person","name":"","url":"https:\/\/www.aktimo.cz\/author\/","identifier":1,"image":{"@type":"ImageObject","@id":"https:\/\/secure.gravatar.com\/avatar\/b682f75cb96d085fca5fbc8ca3f08e323444e236f6e6028585b73de81c46f711?s=96&d=mm&r=g","url":"https:\/\/secure.gravatar.com\/avatar\/b682f75cb96d085fca5fbc8ca3f08e323444e236f6e6028585b73de81c46f711?s=96&d=mm&r=g","height":96,"width":96}},"publisher":{"@type":"Organization","name":"aktimo.cz","logo":{"@type":"ImageObject","@id":"\/logo.png","url":"\/logo.png","width":600,"height":60}},"image":{"@type":"ImageObject","@id":"https:\/\/www.aktimo.cz\/wp-content\/uploads\/furniture-617_1280.jpg","url":"https:\/\/www.aktimo.cz\/wp-content\/uploads\/furniture-617_1280.jpg","height":0,"width":0},"url":"https:\/\/www.aktimo.cz\/zahradni-nabytek\/","about":["Zahrada a d\u016fm"],"wordCount":424,"articleBody":"Tak\u00e9 jste n\u011bkdy p\u0159em\u00fd\u0161leli, \u017ee byste si po\u0159\u00eddili n\u011bjak\u00fd d\u016fm se zahradou, abyste na zahrad\u011b tak\u00e9 mohli grilovat anebo op\u00e9kat bu\u0159ty? Tohle byl v\u017edycky m\u016fj sen, ale nakonec to v\u017edycky dopadlo a skon\u010dilo v\u0161elijak\u00fdm fiaskem. Nikdy mi neschv\u00e1lili hypot\u00e9ku, nem\u011bla jsem ani na\u0161et\u0159en\u00e9 pen\u00edze bokem, abych t\u0159eba si ji mohla tak\u00e9 po\u0159\u00eddit zahradu. Nebo alespo\u0148 chatu se zahradou. Tak\u00e9 jsem d\u0159\u00edve snila o tom, \u017ee si po\u0159\u00edd\u00edm chatu, ale budu tam m\u00edt velikou zahradu a budu tam tak\u00e9 p\u011bstovat ovoce a zeleninu. Bohu\u017eel ani tohle mi nevy\u0161lo. Nevy\u0161lo mi ani to, \u017ee bych si po\u0159\u00eddila chatu. Potom, kdy\u017e jsem si na\u0161la partnera a on mi \u0159ekl, \u017ee m\u00e1 po rodi\u010d\u00edch chatu s velikou zahradou, tak jsem opravdu byla nad\u0161en\u00e1, skoro jako, kdyby se mi splnil sen a byla jsem je\u0161t\u011b r\u00e1da, \u017ee m\u016fj partner byl takov\u00fd typ \u010dlov\u011bka, kter\u00e9ho jsem si p\u0159\u00e1la flegmatik a introvert. P\u0159esn\u011b tohle jsem i j\u00e1. J\u00e1 jsem tak\u00e9 flegmatik a introvert,\u00a0a proto jsem cht\u011bla m\u00edt tak\u00e9 zahradu kv\u016fli tomu, abych tam mohla t\u0159eba sama odpo\u010d\u00edvat. Anebo tam b\u00fdt s p\u0159\u00edtelem, ale tak\u00e9 se zbytkem rodiny. Moc r\u00e1di grilujeme a op\u00e9k\u00e1me bu\u0159ty a mysl\u00edm si, \u017ee kdybychom takhle m\u011bli pr\u00e1v\u011b zahradu anebo pr\u00e1v\u011b chatu, tak tam by to \u0161lo v\u0161echno uspo\u0159\u00e1dat. V\u0161echno by tam \u0161lo ud\u011blat. S partnerem, kdy\u017e jsme potom byli na jeho chat\u011b, tak jsme si tam po\u0159\u00eddili tak\u00e9 opravdu kr\u00e1sn\u00fd n\u00e1bytek, takov\u00fd kr\u00e1sn\u00fd d\u0159ev\u011bn\u00fd zahradn\u00ed n\u00e1bytek. Mo\u017en\u00e1 to bylo z ratanu. Ale tohle n\u00e1m u\u017e v\u016fbec nevadilo. My jsme hlavn\u011b cht\u011bli, abychom tam m\u011bli zahradn\u00ed n\u00e1bytek a tak\u00e9 mal\u00fd baz\u00e9n. Proto\u017ee bez baz\u00e9nu jsme si to tak\u00e9 na zahrad\u011b a na chat\u011b v\u016fbec nedok\u00e1zali p\u0159edstavit. Zat\u00edm tedy s partnerem bydl\u00edme v mal\u00e9m byt\u011b, ale jsme r\u00e1di, \u017ee m\u00e1me alespo\u0148 zahradu a chatu pr\u00e1v\u011b tam. Na chat\u011b tak\u00e9 uspo\u0159\u00e1d\u00e1me n\u011bjakou narozeninovou oslavu. Na\u0161e dcera bude m\u00edt za chvilku p\u011bt\u00a0let a \u0159ekli jsme si, \u017ee pr\u00e1v\u011b na chat\u011b uspo\u0159\u00e1d\u00e1me d\u011btskou oslavu. Pozveme ob\u011b dv\u011b\u00a0nete\u0159e a tak\u00e9 jednoho\u00a0synovce.\u00a0                                                                                                                                                                                                                                                                                                                                                                                        4\/5 - (6 votes)        "},{"@context":"https:\/\/schema.org\/","@type":"BreadcrumbList","itemListElement":[{"@type":"ListItem","position":1,"name":"Zahradn\u00ed n\u00e1bytek","item":"https:\/\/www.aktimo.cz\/zahradni-nabytek\/#breadcrumbitem"}]}]